{"id":5635,"date":"2021-01-24T20:17:00","date_gmt":"2021-01-24T19:17:00","guid":{"rendered":"http:\/\/trailetmacadam.fr\/WP\/?p=5635"},"modified":"2025-01-26T11:56:45","modified_gmt":"2025-01-26T10:56:45","slug":"le-dimanche-matin-avec-tm","status":"publish","type":"post","link":"https:\/\/trailetmacadam.fr\/WP\/le-dimanche-matin-avec-tm\/","title":{"rendered":"Le dimanche matin avec T&#038;M"},"content":{"rendered":"\t\t<div data-elementor-type=\"wp-post\" data-elementor-id=\"5635\" class=\"elementor elementor-5635\">\n\t\t\t\t\t\t<section class=\"elementor-section elementor-top-section elementor-element elementor-element-e42c200 elementor-section-boxed elementor-section-height-default elementor-section-height-default\" data-id=\"e42c200\" data-element_type=\"section\">\n\t\t\t\t\t\t<div class=\"elementor-container elementor-column-gap-default\">\n\t\t\t\t\t<div class=\"elementor-column elementor-col-50 elementor-top-column elementor-element elementor-element-b692165\" data-id=\"b692165\" data-element_type=\"column\">\n\t\t\t<div class=\"elementor-widget-wrap elementor-element-populated\">\n\t\t\t\t\t\t<div class=\"elementor-element elementor-element-0f30337 elementor-widget elementor-widget-image\" data-id=\"0f30337\" data-element_type=\"widget\" data-widget_type=\"image.default\">\n\t\t\t\t<div class=\"elementor-widget-container\">\n\t\t\t\t\t\t\t\t\t\t\t\t\t<img decoding=\"async\" src=\"https:\/\/trailetmacadam.fr\/WP\/wp-content\/uploads\/elementor\/thumbs\/FAcebook-sta-p3941alzsqg6zto5e1gm889d4d7r3fawa4zsq8iicw.jpg\" title=\"FAcebook sta\" alt=\"FAcebook sta\" loading=\"lazy\" \/>\t\t\t\t\t\t\t\t\t\t\t\t\t<\/div>\n\t\t\t\t<\/div>\n\t\t\t\t\t<\/div>\n\t\t<\/div>\n\t\t\t\t<div class=\"elementor-column elementor-col-50 elementor-top-column elementor-element elementor-element-35494ad\" data-id=\"35494ad\" data-element_type=\"column\">\n\t\t\t<div class=\"elementor-widget-wrap elementor-element-populated\">\n\t\t\t\t\t\t<div class=\"elementor-element elementor-element-cacbab3 elementor-widget elementor-widget-text-editor\" data-id=\"cacbab3\" data-element_type=\"widget\" data-widget_type=\"text-editor.default\">\n\t\t\t\t<div class=\"elementor-widget-container\">\n\t\t\t\t\t\t\t<p>Avec les contraintes sanitaires et le couvre-feu \u00e0 18h, il est difficile de se retrouver en semaine pour faire les entra\u00eenements ensemble, mais nous pouvons nous retrouver tous les dimanches matins au stade de foot de Bellignat. Les seules contraintes sont d&#8217;avoir le masque lors des regroupements et une bonne paire de trail, pour le reste le coach s&#8217;occupe de tout&#8230;.<\/p><p>Venez nombreux, rdv sur place \u00e0 10h<\/p>\t\t\t\t\t\t<\/div>\n\t\t\t\t<\/div>\n\t\t\t\t\t<\/div>\n\t\t<\/div>\n\t\t\t\t\t<\/div>\n\t\t<\/section>\n\t\t\t\t<\/div>\n\t\t","protected":false},"excerpt":{"rendered":"<p>Avec les contraintes sanitaires et le couvre-feu \u00e0 18h, il est difficile de se retrouver en semaine pour faire les entra\u00eenements ensemble, mais nous pouvons nous retrouver tous les dimanches matins au stade de foot de Bellignat. Les seules contraintes sont d&#8217;avoir le masque lors des regroupements et une bonne paire de trail, pour le [&hellip;]<\/p>\n","protected":false},"author":8,"featured_media":5637,"comment_status":"closed","ping_status":"closed","sticky":false,"template":"","format":"standard","meta":{"ocean_post_layout":"","ocean_both_sidebars_style":"","ocean_both_sidebars_content_width":0,"ocean_both_sidebars_sidebars_width":0,"ocean_sidebar":"0","ocean_second_sidebar":"0","ocean_disable_margins":"enable","ocean_add_body_class":"","ocean_shortcode_before_top_bar":"","ocean_shortcode_after_top_bar":"","ocean_shortcode_before_header":"","ocean_shortcode_after_header":"","ocean_has_shortcode":"","ocean_shortcode_after_title":"","ocean_shortcode_before_footer_widgets":"","ocean_shortcode_after_footer_widgets":"","ocean_shortcode_before_footer_bottom":"","ocean_shortcode_after_footer_bottom":"","ocean_display_top_bar":"default","ocean_display_header":"default","ocean_header_style":"","ocean_center_header_left_menu":"0","ocean_custom_header_template":"0","ocean_custom_logo":0,"ocean_custom_retina_logo":0,"ocean_custom_logo_max_width":0,"ocean_custom_logo_tablet_max_width":0,"ocean_custom_logo_mobile_max_width":0,"ocean_custom_logo_max_height":0,"ocean_custom_logo_tablet_max_height":0,"ocean_custom_logo_mobile_max_height":0,"ocean_header_custom_menu":"0","ocean_menu_typo_font_family":"0","ocean_menu_typo_font_subset":"","ocean_menu_typo_font_size":0,"ocean_menu_typo_font_size_tablet":0,"ocean_menu_typo_font_size_mobile":0,"ocean_menu_typo_font_size_unit":"px","ocean_menu_typo_font_weight":"","ocean_menu_typo_font_weight_tablet":"","ocean_menu_typo_font_weight_mobile":"","ocean_menu_typo_transform":"","ocean_menu_typo_transform_tablet":"","ocean_menu_typo_transform_mobile":"","ocean_menu_typo_line_height":0,"ocean_menu_typo_line_height_tablet":0,"ocean_menu_typo_line_height_mobile":0,"ocean_menu_typo_line_height_unit":"","ocean_menu_typo_spacing":0,"ocean_menu_typo_spacing_tablet":0,"ocean_menu_typo_spacing_mobile":0,"ocean_menu_typo_spacing_unit":"","ocean_menu_link_color":"","ocean_menu_link_color_hover":"","ocean_menu_link_color_active":"","ocean_menu_link_background":"","ocean_menu_link_hover_background":"","ocean_menu_link_active_background":"","ocean_menu_social_links_bg":"","ocean_menu_social_hover_links_bg":"","ocean_menu_social_links_color":"","ocean_menu_social_hover_links_color":"","ocean_disable_title":"default","ocean_disable_heading":"default","ocean_post_title":"","ocean_post_subheading":"","ocean_post_title_style":"","ocean_post_title_background_color":"","ocean_post_title_background":0,"ocean_post_title_bg_image_position":"","ocean_post_title_bg_image_attachment":"","ocean_post_title_bg_image_repeat":"","ocean_post_title_bg_image_size":"","ocean_post_title_height":0,"ocean_post_title_bg_overlay":0.5,"ocean_post_title_bg_overlay_color":"","ocean_disable_breadcrumbs":"default","ocean_breadcrumbs_color":"","ocean_breadcrumbs_separator_color":"","ocean_breadcrumbs_links_color":"","ocean_breadcrumbs_links_hover_color":"","ocean_display_footer_widgets":"default","ocean_display_footer_bottom":"default","ocean_custom_footer_template":"0","ocean_post_oembed":"","ocean_post_self_hosted_media":"","ocean_post_video_embed":"","ocean_link_format":"","ocean_link_format_target":"self","ocean_quote_format":"","ocean_quote_format_link":"post","ocean_gallery_link_images":"off","ocean_gallery_id":[],"footnotes":""},"categories":[3],"tags":[],"class_list":["post-5635","post","type-post","status-publish","format-standard","has-post-thumbnail","hentry","category-vie-club","entry","has-media"],"yoast_head":"<!-- This site is optimized with the Yoast SEO plugin v24.6 - https:\/\/yoast.com\/wordpress\/plugins\/seo\/ -->\n<title>Le dimanche matin avec T&amp;M - Trail &amp; MACADAM<\/title>\n<meta name=\"robots\" content=\"index, follow, max-snippet:-1, max-image-preview:large, max-video-preview:-1\" \/>\n<link rel=\"canonical\" href=\"https:\/\/trailetmacadam.fr\/WP\/le-dimanche-matin-avec-tm\/\" \/>\n<meta property=\"og:locale\" content=\"fr_FR\" \/>\n<meta property=\"og:type\" content=\"article\" \/>\n<meta property=\"og:title\" content=\"Le dimanche matin avec T&amp;M - Trail &amp; MACADAM\" \/>\n<meta property=\"og:description\" content=\"Avec les contraintes sanitaires et le couvre-feu \u00e0 18h, il est difficile de se retrouver en semaine pour faire les entra\u00eenements ensemble, mais nous pouvons nous retrouver tous les dimanches matins au stade de foot de Bellignat. Les seules contraintes sont d&#8217;avoir le masque lors des regroupements et une bonne paire de trail, pour le [&hellip;]\" \/>\n<meta property=\"og:url\" content=\"https:\/\/trailetmacadam.fr\/WP\/le-dimanche-matin-avec-tm\/\" \/>\n<meta property=\"og:site_name\" content=\"Trail &amp; MACADAM\" \/>\n<meta property=\"article:publisher\" content=\"https:\/\/www.facebook.com\/Trailetmacadam\" \/>\n<meta property=\"article:published_time\" content=\"2021-01-24T19:17:00+00:00\" \/>\n<meta property=\"article:modified_time\" content=\"2025-01-26T10:56:45+00:00\" \/>\n<meta property=\"og:image\" content=\"https:\/\/trailetmacadam.fr\/WP\/wp-content\/uploads\/2021\/02\/FAcebook-sta.jpg\" \/>\n\t<meta property=\"og:image:width\" content=\"720\" \/>\n\t<meta property=\"og:image:height\" content=\"1280\" \/>\n\t<meta property=\"og:image:type\" content=\"image\/jpeg\" \/>\n<meta name=\"author\" content=\"Trail &amp; MACADAM\" \/>\n<meta name=\"twitter:card\" content=\"summary_large_image\" \/>\n<meta name=\"twitter:label1\" content=\"\u00c9crit par\" \/>\n\t<meta name=\"twitter:data1\" content=\"Trail &amp; MACADAM\" \/>\n\t<meta name=\"twitter:label2\" content=\"Dur\u00e9e de lecture estim\u00e9e\" \/>\n\t<meta name=\"twitter:data2\" content=\"1 minute\" \/>\n<script type=\"application\/ld+json\" class=\"yoast-schema-graph\">{\"@context\":\"https:\/\/schema.org\",\"@graph\":[{\"@type\":\"Article\",\"@id\":\"https:\/\/trailetmacadam.fr\/WP\/le-dimanche-matin-avec-tm\/#article\",\"isPartOf\":{\"@id\":\"https:\/\/trailetmacadam.fr\/WP\/le-dimanche-matin-avec-tm\/\"},\"author\":{\"name\":\"Trail &amp; MACADAM\",\"@id\":\"https:\/\/trailetmacadam.fr\/WP\/#\/schema\/person\/76cdbd9430e9080dfe4b906021aa32f9\"},\"headline\":\"Le dimanche matin avec T&#038;M\",\"datePublished\":\"2021-01-24T19:17:00+00:00\",\"dateModified\":\"2025-01-26T10:56:45+00:00\",\"mainEntityOfPage\":{\"@id\":\"https:\/\/trailetmacadam.fr\/WP\/le-dimanche-matin-avec-tm\/\"},\"wordCount\":73,\"publisher\":{\"@id\":\"https:\/\/trailetmacadam.fr\/WP\/#organization\"},\"image\":{\"@id\":\"https:\/\/trailetmacadam.fr\/WP\/le-dimanche-matin-avec-tm\/#primaryimage\"},\"thumbnailUrl\":\"https:\/\/trailetmacadam.fr\/WP\/wp-content\/uploads\/2021\/02\/FAcebook-sta.jpg\",\"articleSection\":[\"Vie Club\"],\"inLanguage\":\"fr-FR\"},{\"@type\":\"WebPage\",\"@id\":\"https:\/\/trailetmacadam.fr\/WP\/le-dimanche-matin-avec-tm\/\",\"url\":\"https:\/\/trailetmacadam.fr\/WP\/le-dimanche-matin-avec-tm\/\",\"name\":\"Le dimanche matin avec T&M - Trail &amp; MACADAM\",\"isPartOf\":{\"@id\":\"https:\/\/trailetmacadam.fr\/WP\/#website\"},\"primaryImageOfPage\":{\"@id\":\"https:\/\/trailetmacadam.fr\/WP\/le-dimanche-matin-avec-tm\/#primaryimage\"},\"image\":{\"@id\":\"https:\/\/trailetmacadam.fr\/WP\/le-dimanche-matin-avec-tm\/#primaryimage\"},\"thumbnailUrl\":\"https:\/\/trailetmacadam.fr\/WP\/wp-content\/uploads\/2021\/02\/FAcebook-sta.jpg\",\"datePublished\":\"2021-01-24T19:17:00+00:00\",\"dateModified\":\"2025-01-26T10:56:45+00:00\",\"breadcrumb\":{\"@id\":\"https:\/\/trailetmacadam.fr\/WP\/le-dimanche-matin-avec-tm\/#breadcrumb\"},\"inLanguage\":\"fr-FR\",\"potentialAction\":[{\"@type\":\"ReadAction\",\"target\":[\"https:\/\/trailetmacadam.fr\/WP\/le-dimanche-matin-avec-tm\/\"]}]},{\"@type\":\"ImageObject\",\"inLanguage\":\"fr-FR\",\"@id\":\"https:\/\/trailetmacadam.fr\/WP\/le-dimanche-matin-avec-tm\/#primaryimage\",\"url\":\"https:\/\/trailetmacadam.fr\/WP\/wp-content\/uploads\/2021\/02\/FAcebook-sta.jpg\",\"contentUrl\":\"https:\/\/trailetmacadam.fr\/WP\/wp-content\/uploads\/2021\/02\/FAcebook-sta.jpg\",\"width\":720,\"height\":1280},{\"@type\":\"BreadcrumbList\",\"@id\":\"https:\/\/trailetmacadam.fr\/WP\/le-dimanche-matin-avec-tm\/#breadcrumb\",\"itemListElement\":[{\"@type\":\"ListItem\",\"position\":1,\"name\":\"Accueil\",\"item\":\"https:\/\/trailetmacadam.fr\/WP\/\"},{\"@type\":\"ListItem\",\"position\":2,\"name\":\"Le dimanche matin avec T&#038;M\"}]},{\"@type\":\"WebSite\",\"@id\":\"https:\/\/trailetmacadam.fr\/WP\/#website\",\"url\":\"https:\/\/trailetmacadam.fr\/WP\/\",\"name\":\"Trail et MACADAM\",\"description\":\"La seule mauvaise course, c&#039;est celle que tu ne fais pas !\",\"publisher\":{\"@id\":\"https:\/\/trailetmacadam.fr\/WP\/#organization\"},\"potentialAction\":[{\"@type\":\"SearchAction\",\"target\":{\"@type\":\"EntryPoint\",\"urlTemplate\":\"https:\/\/trailetmacadam.fr\/WP\/?s={search_term_string}\"},\"query-input\":{\"@type\":\"PropertyValueSpecification\",\"valueRequired\":true,\"valueName\":\"search_term_string\"}}],\"inLanguage\":\"fr-FR\"},{\"@type\":\"Organization\",\"@id\":\"https:\/\/trailetmacadam.fr\/WP\/#organization\",\"name\":\"Trail & MACADAM\",\"url\":\"https:\/\/trailetmacadam.fr\/WP\/\",\"logo\":{\"@type\":\"ImageObject\",\"inLanguage\":\"fr-FR\",\"@id\":\"https:\/\/trailetmacadam.fr\/WP\/#\/schema\/logo\/image\/\",\"url\":\"https:\/\/trailetmacadam.fr\/WP\/wp-content\/uploads\/2020\/12\/cropped-telechargement-1.jpg\",\"contentUrl\":\"https:\/\/trailetmacadam.fr\/WP\/wp-content\/uploads\/2020\/12\/cropped-telechargement-1.jpg\",\"width\":225,\"height\":225,\"caption\":\"Trail & MACADAM\"},\"image\":{\"@id\":\"https:\/\/trailetmacadam.fr\/WP\/#\/schema\/logo\/image\/\"},\"sameAs\":[\"https:\/\/www.facebook.com\/Trailetmacadam\"]},{\"@type\":\"Person\",\"@id\":\"https:\/\/trailetmacadam.fr\/WP\/#\/schema\/person\/76cdbd9430e9080dfe4b906021aa32f9\",\"name\":\"Trail &amp; MACADAM\",\"image\":{\"@type\":\"ImageObject\",\"inLanguage\":\"fr-FR\",\"@id\":\"https:\/\/trailetmacadam.fr\/WP\/#\/schema\/person\/image\/\",\"url\":\"https:\/\/secure.gravatar.com\/avatar\/125c81fd825f61c8ce4932b9a5840bd2?s=96&d=mm&r=g\",\"contentUrl\":\"https:\/\/secure.gravatar.com\/avatar\/125c81fd825f61c8ce4932b9a5840bd2?s=96&d=mm&r=g\",\"caption\":\"Trail &amp; MACADAM\"}}]}<\/script>\n<!-- \/ Yoast SEO plugin. -->","yoast_head_json":{"title":"Le dimanche matin avec T&M - Trail &amp; MACADAM","robots":{"index":"index","follow":"follow","max-snippet":"max-snippet:-1","max-image-preview":"max-image-preview:large","max-video-preview":"max-video-preview:-1"},"canonical":"https:\/\/trailetmacadam.fr\/WP\/le-dimanche-matin-avec-tm\/","og_locale":"fr_FR","og_type":"article","og_title":"Le dimanche matin avec T&M - Trail &amp; MACADAM","og_description":"Avec les contraintes sanitaires et le couvre-feu \u00e0 18h, il est difficile de se retrouver en semaine pour faire les entra\u00eenements ensemble, mais nous pouvons nous retrouver tous les dimanches matins au stade de foot de Bellignat. Les seules contraintes sont d&#8217;avoir le masque lors des regroupements et une bonne paire de trail, pour le [&hellip;]","og_url":"https:\/\/trailetmacadam.fr\/WP\/le-dimanche-matin-avec-tm\/","og_site_name":"Trail &amp; MACADAM","article_publisher":"https:\/\/www.facebook.com\/Trailetmacadam","article_published_time":"2021-01-24T19:17:00+00:00","article_modified_time":"2025-01-26T10:56:45+00:00","og_image":[{"width":720,"height":1280,"url":"https:\/\/trailetmacadam.fr\/WP\/wp-content\/uploads\/2021\/02\/FAcebook-sta.jpg","type":"image\/jpeg"}],"author":"Trail &amp; MACADAM","twitter_card":"summary_large_image","twitter_misc":{"\u00c9crit par":"Trail &amp; MACADAM","Dur\u00e9e de lecture estim\u00e9e":"1 minute"},"schema":{"@context":"https:\/\/schema.org","@graph":[{"@type":"Article","@id":"https:\/\/trailetmacadam.fr\/WP\/le-dimanche-matin-avec-tm\/#article","isPartOf":{"@id":"https:\/\/trailetmacadam.fr\/WP\/le-dimanche-matin-avec-tm\/"},"author":{"name":"Trail &amp; MACADAM","@id":"https:\/\/trailetmacadam.fr\/WP\/#\/schema\/person\/76cdbd9430e9080dfe4b906021aa32f9"},"headline":"Le dimanche matin avec T&#038;M","datePublished":"2021-01-24T19:17:00+00:00","dateModified":"2025-01-26T10:56:45+00:00","mainEntityOfPage":{"@id":"https:\/\/trailetmacadam.fr\/WP\/le-dimanche-matin-avec-tm\/"},"wordCount":73,"publisher":{"@id":"https:\/\/trailetmacadam.fr\/WP\/#organization"},"image":{"@id":"https:\/\/trailetmacadam.fr\/WP\/le-dimanche-matin-avec-tm\/#primaryimage"},"thumbnailUrl":"https:\/\/trailetmacadam.fr\/WP\/wp-content\/uploads\/2021\/02\/FAcebook-sta.jpg","articleSection":["Vie Club"],"inLanguage":"fr-FR"},{"@type":"WebPage","@id":"https:\/\/trailetmacadam.fr\/WP\/le-dimanche-matin-avec-tm\/","url":"https:\/\/trailetmacadam.fr\/WP\/le-dimanche-matin-avec-tm\/","name":"Le dimanche matin avec T&M - Trail &amp; MACADAM","isPartOf":{"@id":"https:\/\/trailetmacadam.fr\/WP\/#website"},"primaryImageOfPage":{"@id":"https:\/\/trailetmacadam.fr\/WP\/le-dimanche-matin-avec-tm\/#primaryimage"},"image":{"@id":"https:\/\/trailetmacadam.fr\/WP\/le-dimanche-matin-avec-tm\/#primaryimage"},"thumbnailUrl":"https:\/\/trailetmacadam.fr\/WP\/wp-content\/uploads\/2021\/02\/FAcebook-sta.jpg","datePublished":"2021-01-24T19:17:00+00:00","dateModified":"2025-01-26T10:56:45+00:00","breadcrumb":{"@id":"https:\/\/trailetmacadam.fr\/WP\/le-dimanche-matin-avec-tm\/#breadcrumb"},"inLanguage":"fr-FR","potentialAction":[{"@type":"ReadAction","target":["https:\/\/trailetmacadam.fr\/WP\/le-dimanche-matin-avec-tm\/"]}]},{"@type":"ImageObject","inLanguage":"fr-FR","@id":"https:\/\/trailetmacadam.fr\/WP\/le-dimanche-matin-avec-tm\/#primaryimage","url":"https:\/\/trailetmacadam.fr\/WP\/wp-content\/uploads\/2021\/02\/FAcebook-sta.jpg","contentUrl":"https:\/\/trailetmacadam.fr\/WP\/wp-content\/uploads\/2021\/02\/FAcebook-sta.jpg","width":720,"height":1280},{"@type":"BreadcrumbList","@id":"https:\/\/trailetmacadam.fr\/WP\/le-dimanche-matin-avec-tm\/#breadcrumb","itemListElement":[{"@type":"ListItem","position":1,"name":"Accueil","item":"https:\/\/trailetmacadam.fr\/WP\/"},{"@type":"ListItem","position":2,"name":"Le dimanche matin avec T&#038;M"}]},{"@type":"WebSite","@id":"https:\/\/trailetmacadam.fr\/WP\/#website","url":"https:\/\/trailetmacadam.fr\/WP\/","name":"Trail et MACADAM","description":"La seule mauvaise course, c&#039;est celle que tu ne fais pas !","publisher":{"@id":"https:\/\/trailetmacadam.fr\/WP\/#organization"},"potentialAction":[{"@type":"SearchAction","target":{"@type":"EntryPoint","urlTemplate":"https:\/\/trailetmacadam.fr\/WP\/?s={search_term_string}"},"query-input":{"@type":"PropertyValueSpecification","valueRequired":true,"valueName":"search_term_string"}}],"inLanguage":"fr-FR"},{"@type":"Organization","@id":"https:\/\/trailetmacadam.fr\/WP\/#organization","name":"Trail & MACADAM","url":"https:\/\/trailetmacadam.fr\/WP\/","logo":{"@type":"ImageObject","inLanguage":"fr-FR","@id":"https:\/\/trailetmacadam.fr\/WP\/#\/schema\/logo\/image\/","url":"https:\/\/trailetmacadam.fr\/WP\/wp-content\/uploads\/2020\/12\/cropped-telechargement-1.jpg","contentUrl":"https:\/\/trailetmacadam.fr\/WP\/wp-content\/uploads\/2020\/12\/cropped-telechargement-1.jpg","width":225,"height":225,"caption":"Trail & MACADAM"},"image":{"@id":"https:\/\/trailetmacadam.fr\/WP\/#\/schema\/logo\/image\/"},"sameAs":["https:\/\/www.facebook.com\/Trailetmacadam"]},{"@type":"Person","@id":"https:\/\/trailetmacadam.fr\/WP\/#\/schema\/person\/76cdbd9430e9080dfe4b906021aa32f9","name":"Trail &amp; MACADAM","image":{"@type":"ImageObject","inLanguage":"fr-FR","@id":"https:\/\/trailetmacadam.fr\/WP\/#\/schema\/person\/image\/","url":"https:\/\/secure.gravatar.com\/avatar\/125c81fd825f61c8ce4932b9a5840bd2?s=96&d=mm&r=g","contentUrl":"https:\/\/secure.gravatar.com\/avatar\/125c81fd825f61c8ce4932b9a5840bd2?s=96&d=mm&r=g","caption":"Trail &amp; MACADAM"}}]}},"_links":{"self":[{"href":"https:\/\/trailetmacadam.fr\/WP\/wp-json\/wp\/v2\/posts\/5635","targetHints":{"allow":["GET"]}}],"collection":[{"href":"https:\/\/trailetmacadam.fr\/WP\/wp-json\/wp\/v2\/posts"}],"about":[{"href":"https:\/\/trailetmacadam.fr\/WP\/wp-json\/wp\/v2\/types\/post"}],"author":[{"embeddable":true,"href":"https:\/\/trailetmacadam.fr\/WP\/wp-json\/wp\/v2\/users\/8"}],"replies":[{"embeddable":true,"href":"https:\/\/trailetmacadam.fr\/WP\/wp-json\/wp\/v2\/comments?post=5635"}],"version-history":[{"count":1,"href":"https:\/\/trailetmacadam.fr\/WP\/wp-json\/wp\/v2\/posts\/5635\/revisions"}],"predecessor-version":[{"id":10067,"href":"https:\/\/trailetmacadam.fr\/WP\/wp-json\/wp\/v2\/posts\/5635\/revisions\/10067"}],"wp:featuredmedia":[{"embeddable":true,"href":"https:\/\/trailetmacadam.fr\/WP\/wp-json\/wp\/v2\/media\/5637"}],"wp:attachment":[{"href":"https:\/\/trailetmacadam.fr\/WP\/wp-json\/wp\/v2\/media?parent=5635"}],"wp:term":[{"taxonomy":"category","embeddable":true,"href":"https:\/\/trailetmacadam.fr\/WP\/wp-json\/wp\/v2\/categories?post=5635"},{"taxonomy":"post_tag","embeddable":true,"href":"https:\/\/trailetmacadam.fr\/WP\/wp-json\/wp\/v2\/tags?post=5635"}],"curies":[{"name":"wp","href":"https:\/\/api.w.org\/{rel}","templated":true}]}}