{"id":6857,"date":"2021-06-19T19:42:55","date_gmt":"2021-06-19T17:42:55","guid":{"rendered":"https:\/\/trailetmacadam.fr\/WP\/?p=6857"},"modified":"2024-07-23T07:43:08","modified_gmt":"2024-07-23T05:43:08","slug":"depart-imminent-pour-le-cret-de-chalam","status":"publish","type":"post","link":"https:\/\/trailetmacadam.fr\/WP\/depart-imminent-pour-le-cret-de-chalam\/","title":{"rendered":"D\u00e9part imminent pour le Cr\u00eat de Chalam"},"content":{"rendered":"\t\t<div data-elementor-type=\"wp-post\" data-elementor-id=\"6857\" class=\"elementor elementor-6857\">\n\t\t\t\t\t\t<section class=\"elementor-section elementor-top-section elementor-element elementor-element-717251b elementor-section-boxed elementor-section-height-default elementor-section-height-default\" data-id=\"717251b\" data-element_type=\"section\">\n\t\t\t\t\t\t<div class=\"elementor-container elementor-column-gap-default\">\n\t\t\t\t\t<div class=\"elementor-column elementor-col-50 elementor-top-column elementor-element elementor-element-37c6ca3\" data-id=\"37c6ca3\" data-element_type=\"column\">\n\t\t\t<div class=\"elementor-widget-wrap elementor-element-populated\">\n\t\t\t\t\t\t<div class=\"elementor-element elementor-element-b340e6d elementor-widget elementor-widget-image\" data-id=\"b340e6d\" data-element_type=\"widget\" data-widget_type=\"image.default\">\n\t\t\t\t<div class=\"elementor-widget-container\">\n\t\t\t\t\t\t\t\t\t\t\t\t\t<img fetchpriority=\"high\" decoding=\"async\" width=\"1024\" height=\"339\" src=\"https:\/\/trailetmacadam.fr\/WP\/wp-content\/uploads\/2021\/01\/TM-entete-1024x339.jpg\" class=\"attachment-large size-large wp-image-4561\" alt=\"\" srcset=\"https:\/\/trailetmacadam.fr\/WP\/wp-content\/uploads\/2021\/01\/TM-entete-1024x339.jpg 1024w, https:\/\/trailetmacadam.fr\/WP\/wp-content\/uploads\/2021\/01\/TM-entete-300x99.jpg 300w, https:\/\/trailetmacadam.fr\/WP\/wp-content\/uploads\/2021\/01\/TM-entete-768x254.jpg 768w, https:\/\/trailetmacadam.fr\/WP\/wp-content\/uploads\/2021\/01\/TM-entete-1536x508.jpg 1536w, https:\/\/trailetmacadam.fr\/WP\/wp-content\/uploads\/2021\/01\/TM-entete.jpg 1907w\" sizes=\"(max-width: 1024px) 100vw, 1024px\" \/>\t\t\t\t\t\t\t\t\t\t\t\t\t<\/div>\n\t\t\t\t<\/div>\n\t\t\t\t\t<\/div>\n\t\t<\/div>\n\t\t\t\t<div class=\"elementor-column elementor-col-50 elementor-top-column elementor-element elementor-element-daa9627\" data-id=\"daa9627\" data-element_type=\"column\">\n\t\t\t<div class=\"elementor-widget-wrap elementor-element-populated\">\n\t\t\t\t\t\t<div class=\"elementor-element elementor-element-05d2b5f elementor-widget elementor-widget-text-editor\" data-id=\"05d2b5f\" data-element_type=\"widget\" data-widget_type=\"text-editor.default\">\n\t\t\t\t<div class=\"elementor-widget-container\">\n\t\t\t\t\t\t\t<p>Il est temps de chausser ses trails, de pr\u00e9parer son camelbak pour participer \u00e0 la grosse sortie club. Vu la belle sortie de l&#8217;an pass\u00e9, on a gard\u00e9 le m\u00eame parcours en ajoutant quelques variantes.<\/p>\t\t\t\t\t\t<\/div>\n\t\t\t\t<\/div>\n\t\t\t\t\t<\/div>\n\t\t<\/div>\n\t\t\t\t\t<\/div>\n\t\t<\/section>\n\t\t\t\t<section class=\"elementor-section elementor-top-section elementor-element elementor-element-f680859 elementor-section-boxed elementor-section-height-default elementor-section-height-default\" data-id=\"f680859\" data-element_type=\"section\">\n\t\t\t\t\t\t<div class=\"elementor-container elementor-column-gap-default\">\n\t\t\t\t\t<div class=\"elementor-column elementor-col-100 elementor-top-column elementor-element elementor-element-9e6e3b4\" data-id=\"9e6e3b4\" data-element_type=\"column\">\n\t\t\t<div class=\"elementor-widget-wrap elementor-element-populated\">\n\t\t\t\t\t\t<div class=\"elementor-element elementor-element-23ae73a elementor-widget elementor-widget-text-editor\" data-id=\"23ae73a\" data-element_type=\"widget\" data-widget_type=\"text-editor.default\">\n\t\t\t\t<div class=\"elementor-widget-container\">\n\t\t\t\t\t\t\t<p>Le parcours original, une trentaine de kilom\u00e8tres, un peu de D+ avec d\u00e9part Oyonnax et arriv\u00e9e Cr\u00eat de Chalam,<\/p><p>Mais parcours un peu trop court pour certains de nos trailers, alors on garde le m\u00eame d\u00e9part et la \u00a0m\u00eame arriv\u00e9e et on ajoute une variante par Echallon, la Semine, le Moulin Neuf, pont de Giron, pour un total d&#8217;un bon 40km avec un peu plus de bosses,<\/p><p>Pour ceux n&#8217;ont pas encore l&#8217;habitude des longues distances, d\u00e9part de la Prairie d&#8217;Echallon et arriv\u00e9e au Cr\u00eat de Chalam avec 19km dans les guibolles,<\/p><p>Et encore, une derni\u00e8re option d&#8217;une dizaine de kilom\u00e8tre pour nos nouveaux Trail &amp; Macadam, avec un d\u00e9part des roches d&#8217;Orvaz et arriv\u00e9e au Cr\u00eat de Chalam.<\/p><p>Et cerise sur la g\u00e2teau, une fois tous arriv\u00e9s au Cr\u00eat de Chalam, on repart pour la Borne au lion o\u00f9 un gros ravito bien garni et bien m\u00e9rit\u00e9 nous attendra.<\/p>\t\t\t\t\t\t<\/div>\n\t\t\t\t<\/div>\n\t\t\t\t\t<\/div>\n\t\t<\/div>\n\t\t\t\t\t<\/div>\n\t\t<\/section>\n\t\t\t\t<\/div>\n\t\t","protected":false},"excerpt":{"rendered":"<p>Il est temps de chausser ses trails, de pr\u00e9parer son camelbak pour participer \u00e0 la grosse sortie club. Vu la belle sortie de l&#8217;an pass\u00e9, on a gard\u00e9 le m\u00eame parcours en ajoutant quelques variantes. Le parcours original, une trentaine de kilom\u00e8tres, un peu de D+ avec d\u00e9part Oyonnax et arriv\u00e9e Cr\u00eat de Chalam, Mais [&hellip;]<\/p>\n","protected":false},"author":8,"featured_media":6859,"comment_status":"closed","ping_status":"open","sticky":false,"template":"","format":"standard","meta":{"ocean_post_layout":"","ocean_both_sidebars_style":"","ocean_both_sidebars_content_width":0,"ocean_both_sidebars_sidebars_width":0,"ocean_sidebar":"0","ocean_second_sidebar":"0","ocean_disable_margins":"enable","ocean_add_body_class":"","ocean_shortcode_before_top_bar":"","ocean_shortcode_after_top_bar":"","ocean_shortcode_before_header":"","ocean_shortcode_after_header":"","ocean_has_shortcode":"","ocean_shortcode_after_title":"","ocean_shortcode_before_footer_widgets":"","ocean_shortcode_after_footer_widgets":"","ocean_shortcode_before_footer_bottom":"","ocean_shortcode_after_footer_bottom":"","ocean_display_top_bar":"default","ocean_display_header":"default","ocean_header_style":"","ocean_center_header_left_menu":"0","ocean_custom_header_template":"0","ocean_custom_logo":0,"ocean_custom_retina_logo":0,"ocean_custom_logo_max_width":0,"ocean_custom_logo_tablet_max_width":0,"ocean_custom_logo_mobile_max_width":0,"ocean_custom_logo_max_height":0,"ocean_custom_logo_tablet_max_height":0,"ocean_custom_logo_mobile_max_height":0,"ocean_header_custom_menu":"0","ocean_menu_typo_font_family":"0","ocean_menu_typo_font_subset":"","ocean_menu_typo_font_size":0,"ocean_menu_typo_font_size_tablet":0,"ocean_menu_typo_font_size_mobile":0,"ocean_menu_typo_font_size_unit":"px","ocean_menu_typo_font_weight":"","ocean_menu_typo_font_weight_tablet":"","ocean_menu_typo_font_weight_mobile":"","ocean_menu_typo_transform":"","ocean_menu_typo_transform_tablet":"","ocean_menu_typo_transform_mobile":"","ocean_menu_typo_line_height":0,"ocean_menu_typo_line_height_tablet":0,"ocean_menu_typo_line_height_mobile":0,"ocean_menu_typo_line_height_unit":"","ocean_menu_typo_spacing":0,"ocean_menu_typo_spacing_tablet":0,"ocean_menu_typo_spacing_mobile":0,"ocean_menu_typo_spacing_unit":"","ocean_menu_link_color":"","ocean_menu_link_color_hover":"","ocean_menu_link_color_active":"","ocean_menu_link_background":"","ocean_menu_link_hover_background":"","ocean_menu_link_active_background":"","ocean_menu_social_links_bg":"","ocean_menu_social_hover_links_bg":"","ocean_menu_social_links_color":"","ocean_menu_social_hover_links_color":"","ocean_disable_title":"default","ocean_disable_heading":"default","ocean_post_title":"","ocean_post_subheading":"","ocean_post_title_style":"","ocean_post_title_background_color":"","ocean_post_title_background":0,"ocean_post_title_bg_image_position":"","ocean_post_title_bg_image_attachment":"","ocean_post_title_bg_image_repeat":"","ocean_post_title_bg_image_size":"","ocean_post_title_height":0,"ocean_post_title_bg_overlay":0.5,"ocean_post_title_bg_overlay_color":"","ocean_disable_breadcrumbs":"default","ocean_breadcrumbs_color":"","ocean_breadcrumbs_separator_color":"","ocean_breadcrumbs_links_color":"","ocean_breadcrumbs_links_hover_color":"","ocean_display_footer_widgets":"default","ocean_display_footer_bottom":"default","ocean_custom_footer_template":"0","ocean_post_oembed":"","ocean_post_self_hosted_media":"","ocean_post_video_embed":"","ocean_link_format":"","ocean_link_format_target":"self","ocean_quote_format":"","ocean_quote_format_link":"post","ocean_gallery_link_images":"off","ocean_gallery_id":[],"footnotes":""},"categories":[3],"tags":[],"class_list":["post-6857","post","type-post","status-publish","format-standard","has-post-thumbnail","hentry","category-vie-club","entry","has-media"],"yoast_head":"<!-- This site is optimized with the Yoast SEO plugin v24.6 - https:\/\/yoast.com\/wordpress\/plugins\/seo\/ -->\n<title>D\u00e9part imminent pour le Cr\u00eat de Chalam - Trail &amp; MACADAM<\/title>\n<meta name=\"robots\" content=\"index, follow, max-snippet:-1, max-image-preview:large, max-video-preview:-1\" \/>\n<link rel=\"canonical\" href=\"https:\/\/trailetmacadam.fr\/WP\/depart-imminent-pour-le-cret-de-chalam\/\" \/>\n<meta property=\"og:locale\" content=\"fr_FR\" \/>\n<meta property=\"og:type\" content=\"article\" \/>\n<meta property=\"og:title\" content=\"D\u00e9part imminent pour le Cr\u00eat de Chalam - Trail &amp; MACADAM\" \/>\n<meta property=\"og:description\" content=\"Il est temps de chausser ses trails, de pr\u00e9parer son camelbak pour participer \u00e0 la grosse sortie club. Vu la belle sortie de l&#8217;an pass\u00e9, on a gard\u00e9 le m\u00eame parcours en ajoutant quelques variantes. Le parcours original, une trentaine de kilom\u00e8tres, un peu de D+ avec d\u00e9part Oyonnax et arriv\u00e9e Cr\u00eat de Chalam, Mais [&hellip;]\" \/>\n<meta property=\"og:url\" content=\"https:\/\/trailetmacadam.fr\/WP\/depart-imminent-pour-le-cret-de-chalam\/\" \/>\n<meta property=\"og:site_name\" content=\"Trail &amp; MACADAM\" \/>\n<meta property=\"article:publisher\" content=\"https:\/\/www.facebook.com\/Trailetmacadam\" \/>\n<meta property=\"article:published_time\" content=\"2021-06-19T17:42:55+00:00\" \/>\n<meta property=\"article:modified_time\" content=\"2024-07-23T05:43:08+00:00\" \/>\n<meta property=\"og:image\" content=\"https:\/\/trailetmacadam.fr\/WP\/wp-content\/uploads\/2021\/06\/cret-chalam2-perso.png\" \/>\n\t<meta property=\"og:image:width\" content=\"1600\" \/>\n\t<meta property=\"og:image:height\" content=\"844\" \/>\n\t<meta property=\"og:image:type\" content=\"image\/png\" \/>\n<meta name=\"author\" content=\"Trail &amp; MACADAM\" \/>\n<meta name=\"twitter:card\" content=\"summary_large_image\" \/>\n<meta name=\"twitter:label1\" content=\"\u00c9crit par\" \/>\n\t<meta name=\"twitter:data1\" content=\"Trail &amp; MACADAM\" \/>\n\t<meta name=\"twitter:label2\" content=\"Dur\u00e9e de lecture estim\u00e9e\" \/>\n\t<meta name=\"twitter:data2\" content=\"2 minutes\" \/>\n<script type=\"application\/ld+json\" class=\"yoast-schema-graph\">{\"@context\":\"https:\/\/schema.org\",\"@graph\":[{\"@type\":\"Article\",\"@id\":\"https:\/\/trailetmacadam.fr\/WP\/depart-imminent-pour-le-cret-de-chalam\/#article\",\"isPartOf\":{\"@id\":\"https:\/\/trailetmacadam.fr\/WP\/depart-imminent-pour-le-cret-de-chalam\/\"},\"author\":{\"name\":\"Trail &amp; MACADAM\",\"@id\":\"https:\/\/trailetmacadam.fr\/WP\/#\/schema\/person\/76cdbd9430e9080dfe4b906021aa32f9\"},\"headline\":\"D\u00e9part imminent pour le Cr\u00eat de Chalam\",\"datePublished\":\"2021-06-19T17:42:55+00:00\",\"dateModified\":\"2024-07-23T05:43:08+00:00\",\"mainEntityOfPage\":{\"@id\":\"https:\/\/trailetmacadam.fr\/WP\/depart-imminent-pour-le-cret-de-chalam\/\"},\"wordCount\":215,\"publisher\":{\"@id\":\"https:\/\/trailetmacadam.fr\/WP\/#organization\"},\"image\":{\"@id\":\"https:\/\/trailetmacadam.fr\/WP\/depart-imminent-pour-le-cret-de-chalam\/#primaryimage\"},\"thumbnailUrl\":\"https:\/\/trailetmacadam.fr\/WP\/wp-content\/uploads\/2021\/06\/cret-chalam2-perso.png\",\"articleSection\":[\"Vie Club\"],\"inLanguage\":\"fr-FR\"},{\"@type\":\"WebPage\",\"@id\":\"https:\/\/trailetmacadam.fr\/WP\/depart-imminent-pour-le-cret-de-chalam\/\",\"url\":\"https:\/\/trailetmacadam.fr\/WP\/depart-imminent-pour-le-cret-de-chalam\/\",\"name\":\"D\u00e9part imminent pour le Cr\u00eat de Chalam - Trail &amp; MACADAM\",\"isPartOf\":{\"@id\":\"https:\/\/trailetmacadam.fr\/WP\/#website\"},\"primaryImageOfPage\":{\"@id\":\"https:\/\/trailetmacadam.fr\/WP\/depart-imminent-pour-le-cret-de-chalam\/#primaryimage\"},\"image\":{\"@id\":\"https:\/\/trailetmacadam.fr\/WP\/depart-imminent-pour-le-cret-de-chalam\/#primaryimage\"},\"thumbnailUrl\":\"https:\/\/trailetmacadam.fr\/WP\/wp-content\/uploads\/2021\/06\/cret-chalam2-perso.png\",\"datePublished\":\"2021-06-19T17:42:55+00:00\",\"dateModified\":\"2024-07-23T05:43:08+00:00\",\"breadcrumb\":{\"@id\":\"https:\/\/trailetmacadam.fr\/WP\/depart-imminent-pour-le-cret-de-chalam\/#breadcrumb\"},\"inLanguage\":\"fr-FR\",\"potentialAction\":[{\"@type\":\"ReadAction\",\"target\":[\"https:\/\/trailetmacadam.fr\/WP\/depart-imminent-pour-le-cret-de-chalam\/\"]}]},{\"@type\":\"ImageObject\",\"inLanguage\":\"fr-FR\",\"@id\":\"https:\/\/trailetmacadam.fr\/WP\/depart-imminent-pour-le-cret-de-chalam\/#primaryimage\",\"url\":\"https:\/\/trailetmacadam.fr\/WP\/wp-content\/uploads\/2021\/06\/cret-chalam2-perso.png\",\"contentUrl\":\"https:\/\/trailetmacadam.fr\/WP\/wp-content\/uploads\/2021\/06\/cret-chalam2-perso.png\",\"width\":1600,\"height\":844},{\"@type\":\"BreadcrumbList\",\"@id\":\"https:\/\/trailetmacadam.fr\/WP\/depart-imminent-pour-le-cret-de-chalam\/#breadcrumb\",\"itemListElement\":[{\"@type\":\"ListItem\",\"position\":1,\"name\":\"Accueil\",\"item\":\"https:\/\/trailetmacadam.fr\/WP\/\"},{\"@type\":\"ListItem\",\"position\":2,\"name\":\"D\u00e9part imminent pour le Cr\u00eat de Chalam\"}]},{\"@type\":\"WebSite\",\"@id\":\"https:\/\/trailetmacadam.fr\/WP\/#website\",\"url\":\"https:\/\/trailetmacadam.fr\/WP\/\",\"name\":\"Trail et MACADAM\",\"description\":\"La seule mauvaise course, c&#039;est celle que tu ne fais pas !\",\"publisher\":{\"@id\":\"https:\/\/trailetmacadam.fr\/WP\/#organization\"},\"potentialAction\":[{\"@type\":\"SearchAction\",\"target\":{\"@type\":\"EntryPoint\",\"urlTemplate\":\"https:\/\/trailetmacadam.fr\/WP\/?s={search_term_string}\"},\"query-input\":{\"@type\":\"PropertyValueSpecification\",\"valueRequired\":true,\"valueName\":\"search_term_string\"}}],\"inLanguage\":\"fr-FR\"},{\"@type\":\"Organization\",\"@id\":\"https:\/\/trailetmacadam.fr\/WP\/#organization\",\"name\":\"Trail & MACADAM\",\"url\":\"https:\/\/trailetmacadam.fr\/WP\/\",\"logo\":{\"@type\":\"ImageObject\",\"inLanguage\":\"fr-FR\",\"@id\":\"https:\/\/trailetmacadam.fr\/WP\/#\/schema\/logo\/image\/\",\"url\":\"https:\/\/trailetmacadam.fr\/WP\/wp-content\/uploads\/2020\/12\/cropped-telechargement-1.jpg\",\"contentUrl\":\"https:\/\/trailetmacadam.fr\/WP\/wp-content\/uploads\/2020\/12\/cropped-telechargement-1.jpg\",\"width\":225,\"height\":225,\"caption\":\"Trail & MACADAM\"},\"image\":{\"@id\":\"https:\/\/trailetmacadam.fr\/WP\/#\/schema\/logo\/image\/\"},\"sameAs\":[\"https:\/\/www.facebook.com\/Trailetmacadam\"]},{\"@type\":\"Person\",\"@id\":\"https:\/\/trailetmacadam.fr\/WP\/#\/schema\/person\/76cdbd9430e9080dfe4b906021aa32f9\",\"name\":\"Trail &amp; MACADAM\",\"image\":{\"@type\":\"ImageObject\",\"inLanguage\":\"fr-FR\",\"@id\":\"https:\/\/trailetmacadam.fr\/WP\/#\/schema\/person\/image\/\",\"url\":\"https:\/\/secure.gravatar.com\/avatar\/125c81fd825f61c8ce4932b9a5840bd2?s=96&d=mm&r=g\",\"contentUrl\":\"https:\/\/secure.gravatar.com\/avatar\/125c81fd825f61c8ce4932b9a5840bd2?s=96&d=mm&r=g\",\"caption\":\"Trail &amp; MACADAM\"}}]}<\/script>\n<!-- \/ Yoast SEO plugin. -->","yoast_head_json":{"title":"D\u00e9part imminent pour le Cr\u00eat de Chalam - Trail &amp; MACADAM","robots":{"index":"index","follow":"follow","max-snippet":"max-snippet:-1","max-image-preview":"max-image-preview:large","max-video-preview":"max-video-preview:-1"},"canonical":"https:\/\/trailetmacadam.fr\/WP\/depart-imminent-pour-le-cret-de-chalam\/","og_locale":"fr_FR","og_type":"article","og_title":"D\u00e9part imminent pour le Cr\u00eat de Chalam - Trail &amp; MACADAM","og_description":"Il est temps de chausser ses trails, de pr\u00e9parer son camelbak pour participer \u00e0 la grosse sortie club. Vu la belle sortie de l&#8217;an pass\u00e9, on a gard\u00e9 le m\u00eame parcours en ajoutant quelques variantes. Le parcours original, une trentaine de kilom\u00e8tres, un peu de D+ avec d\u00e9part Oyonnax et arriv\u00e9e Cr\u00eat de Chalam, Mais [&hellip;]","og_url":"https:\/\/trailetmacadam.fr\/WP\/depart-imminent-pour-le-cret-de-chalam\/","og_site_name":"Trail &amp; MACADAM","article_publisher":"https:\/\/www.facebook.com\/Trailetmacadam","article_published_time":"2021-06-19T17:42:55+00:00","article_modified_time":"2024-07-23T05:43:08+00:00","og_image":[{"width":1600,"height":844,"url":"https:\/\/trailetmacadam.fr\/WP\/wp-content\/uploads\/2021\/06\/cret-chalam2-perso.png","type":"image\/png"}],"author":"Trail &amp; MACADAM","twitter_card":"summary_large_image","twitter_misc":{"\u00c9crit par":"Trail &amp; MACADAM","Dur\u00e9e de lecture estim\u00e9e":"2 minutes"},"schema":{"@context":"https:\/\/schema.org","@graph":[{"@type":"Article","@id":"https:\/\/trailetmacadam.fr\/WP\/depart-imminent-pour-le-cret-de-chalam\/#article","isPartOf":{"@id":"https:\/\/trailetmacadam.fr\/WP\/depart-imminent-pour-le-cret-de-chalam\/"},"author":{"name":"Trail &amp; MACADAM","@id":"https:\/\/trailetmacadam.fr\/WP\/#\/schema\/person\/76cdbd9430e9080dfe4b906021aa32f9"},"headline":"D\u00e9part imminent pour le Cr\u00eat de Chalam","datePublished":"2021-06-19T17:42:55+00:00","dateModified":"2024-07-23T05:43:08+00:00","mainEntityOfPage":{"@id":"https:\/\/trailetmacadam.fr\/WP\/depart-imminent-pour-le-cret-de-chalam\/"},"wordCount":215,"publisher":{"@id":"https:\/\/trailetmacadam.fr\/WP\/#organization"},"image":{"@id":"https:\/\/trailetmacadam.fr\/WP\/depart-imminent-pour-le-cret-de-chalam\/#primaryimage"},"thumbnailUrl":"https:\/\/trailetmacadam.fr\/WP\/wp-content\/uploads\/2021\/06\/cret-chalam2-perso.png","articleSection":["Vie Club"],"inLanguage":"fr-FR"},{"@type":"WebPage","@id":"https:\/\/trailetmacadam.fr\/WP\/depart-imminent-pour-le-cret-de-chalam\/","url":"https:\/\/trailetmacadam.fr\/WP\/depart-imminent-pour-le-cret-de-chalam\/","name":"D\u00e9part imminent pour le Cr\u00eat de Chalam - Trail &amp; MACADAM","isPartOf":{"@id":"https:\/\/trailetmacadam.fr\/WP\/#website"},"primaryImageOfPage":{"@id":"https:\/\/trailetmacadam.fr\/WP\/depart-imminent-pour-le-cret-de-chalam\/#primaryimage"},"image":{"@id":"https:\/\/trailetmacadam.fr\/WP\/depart-imminent-pour-le-cret-de-chalam\/#primaryimage"},"thumbnailUrl":"https:\/\/trailetmacadam.fr\/WP\/wp-content\/uploads\/2021\/06\/cret-chalam2-perso.png","datePublished":"2021-06-19T17:42:55+00:00","dateModified":"2024-07-23T05:43:08+00:00","breadcrumb":{"@id":"https:\/\/trailetmacadam.fr\/WP\/depart-imminent-pour-le-cret-de-chalam\/#breadcrumb"},"inLanguage":"fr-FR","potentialAction":[{"@type":"ReadAction","target":["https:\/\/trailetmacadam.fr\/WP\/depart-imminent-pour-le-cret-de-chalam\/"]}]},{"@type":"ImageObject","inLanguage":"fr-FR","@id":"https:\/\/trailetmacadam.fr\/WP\/depart-imminent-pour-le-cret-de-chalam\/#primaryimage","url":"https:\/\/trailetmacadam.fr\/WP\/wp-content\/uploads\/2021\/06\/cret-chalam2-perso.png","contentUrl":"https:\/\/trailetmacadam.fr\/WP\/wp-content\/uploads\/2021\/06\/cret-chalam2-perso.png","width":1600,"height":844},{"@type":"BreadcrumbList","@id":"https:\/\/trailetmacadam.fr\/WP\/depart-imminent-pour-le-cret-de-chalam\/#breadcrumb","itemListElement":[{"@type":"ListItem","position":1,"name":"Accueil","item":"https:\/\/trailetmacadam.fr\/WP\/"},{"@type":"ListItem","position":2,"name":"D\u00e9part imminent pour le Cr\u00eat de Chalam"}]},{"@type":"WebSite","@id":"https:\/\/trailetmacadam.fr\/WP\/#website","url":"https:\/\/trailetmacadam.fr\/WP\/","name":"Trail et MACADAM","description":"La seule mauvaise course, c&#039;est celle que tu ne fais pas !","publisher":{"@id":"https:\/\/trailetmacadam.fr\/WP\/#organization"},"potentialAction":[{"@type":"SearchAction","target":{"@type":"EntryPoint","urlTemplate":"https:\/\/trailetmacadam.fr\/WP\/?s={search_term_string}"},"query-input":{"@type":"PropertyValueSpecification","valueRequired":true,"valueName":"search_term_string"}}],"inLanguage":"fr-FR"},{"@type":"Organization","@id":"https:\/\/trailetmacadam.fr\/WP\/#organization","name":"Trail & MACADAM","url":"https:\/\/trailetmacadam.fr\/WP\/","logo":{"@type":"ImageObject","inLanguage":"fr-FR","@id":"https:\/\/trailetmacadam.fr\/WP\/#\/schema\/logo\/image\/","url":"https:\/\/trailetmacadam.fr\/WP\/wp-content\/uploads\/2020\/12\/cropped-telechargement-1.jpg","contentUrl":"https:\/\/trailetmacadam.fr\/WP\/wp-content\/uploads\/2020\/12\/cropped-telechargement-1.jpg","width":225,"height":225,"caption":"Trail & MACADAM"},"image":{"@id":"https:\/\/trailetmacadam.fr\/WP\/#\/schema\/logo\/image\/"},"sameAs":["https:\/\/www.facebook.com\/Trailetmacadam"]},{"@type":"Person","@id":"https:\/\/trailetmacadam.fr\/WP\/#\/schema\/person\/76cdbd9430e9080dfe4b906021aa32f9","name":"Trail &amp; MACADAM","image":{"@type":"ImageObject","inLanguage":"fr-FR","@id":"https:\/\/trailetmacadam.fr\/WP\/#\/schema\/person\/image\/","url":"https:\/\/secure.gravatar.com\/avatar\/125c81fd825f61c8ce4932b9a5840bd2?s=96&d=mm&r=g","contentUrl":"https:\/\/secure.gravatar.com\/avatar\/125c81fd825f61c8ce4932b9a5840bd2?s=96&d=mm&r=g","caption":"Trail &amp; MACADAM"}}]}},"_links":{"self":[{"href":"https:\/\/trailetmacadam.fr\/WP\/wp-json\/wp\/v2\/posts\/6857","targetHints":{"allow":["GET"]}}],"collection":[{"href":"https:\/\/trailetmacadam.fr\/WP\/wp-json\/wp\/v2\/posts"}],"about":[{"href":"https:\/\/trailetmacadam.fr\/WP\/wp-json\/wp\/v2\/types\/post"}],"author":[{"embeddable":true,"href":"https:\/\/trailetmacadam.fr\/WP\/wp-json\/wp\/v2\/users\/8"}],"replies":[{"embeddable":true,"href":"https:\/\/trailetmacadam.fr\/WP\/wp-json\/wp\/v2\/comments?post=6857"}],"version-history":[{"count":1,"href":"https:\/\/trailetmacadam.fr\/WP\/wp-json\/wp\/v2\/posts\/6857\/revisions"}],"predecessor-version":[{"id":9951,"href":"https:\/\/trailetmacadam.fr\/WP\/wp-json\/wp\/v2\/posts\/6857\/revisions\/9951"}],"wp:featuredmedia":[{"embeddable":true,"href":"https:\/\/trailetmacadam.fr\/WP\/wp-json\/wp\/v2\/media\/6859"}],"wp:attachment":[{"href":"https:\/\/trailetmacadam.fr\/WP\/wp-json\/wp\/v2\/media?parent=6857"}],"wp:term":[{"taxonomy":"category","embeddable":true,"href":"https:\/\/trailetmacadam.fr\/WP\/wp-json\/wp\/v2\/categories?post=6857"},{"taxonomy":"post_tag","embeddable":true,"href":"https:\/\/trailetmacadam.fr\/WP\/wp-json\/wp\/v2\/tags?post=6857"}],"curies":[{"name":"wp","href":"https:\/\/api.w.org\/{rel}","templated":true}]}}