{"id":8140,"date":"2022-02-24T21:45:58","date_gmt":"2022-02-24T20:45:58","guid":{"rendered":"https:\/\/trailetmacadam.fr\/WP\/?p=8140"},"modified":"2025-01-02T11:28:37","modified_gmt":"2025-01-02T10:28:37","slug":"la-trace-des-maquisards-2","status":"publish","type":"post","link":"https:\/\/trailetmacadam.fr\/WP\/la-trace-des-maquisards-2\/","title":{"rendered":"La Trace des Maquisards"},"content":{"rendered":"\t\t<div data-elementor-type=\"wp-post\" data-elementor-id=\"8140\" class=\"elementor elementor-8140\">\n\t\t\t\t\t\t<section class=\"elementor-section elementor-top-section elementor-element elementor-element-4d40b6d elementor-section-boxed elementor-section-height-default elementor-section-height-default\" data-id=\"4d40b6d\" data-element_type=\"section\">\n\t\t\t\t\t\t<div class=\"elementor-container elementor-column-gap-default\">\n\t\t\t\t\t<div class=\"elementor-column elementor-col-100 elementor-top-column elementor-element elementor-element-15b11c3\" data-id=\"15b11c3\" data-element_type=\"column\">\n\t\t\t<div class=\"elementor-widget-wrap elementor-element-populated\">\n\t\t\t\t\t\t<div class=\"elementor-element elementor-element-39b65cc elementor-widget elementor-widget-text-editor\" data-id=\"39b65cc\" data-element_type=\"widget\" data-widget_type=\"text-editor.default\">\n\t\t\t\t<div class=\"elementor-widget-container\">\n\t\t\t\t\t\t\t<p>C\u2019est en ce Samedi 19 f\u00e9vrier 2022 que nos coureurs de Trail&amp;MACADAM ont su dompter La Trace des Maquisards\u2026 Ce fut une super exp\u00e9rience pour tous avec un parcours top et technique et une organisation impeccable. Merci \u00e0 tous pour votre soutien et vos encouragements le long du parcours\u00a0!<\/p><p>Voici un apr\u00e8s de la course avec les r\u00e9sultats : <img fetchpriority=\"high\" decoding=\"async\" class=\"size-medium wp-image-8117 alignright\" src=\"https:\/\/trailetmacadam.fr\/WP\/wp-content\/uploads\/2022\/02\/ITW3-300x201.png\" alt=\"\" width=\"300\" height=\"201\" srcset=\"https:\/\/trailetmacadam.fr\/WP\/wp-content\/uploads\/2022\/02\/ITW3-300x201.png 300w, https:\/\/trailetmacadam.fr\/WP\/wp-content\/uploads\/2022\/02\/ITW3.png 344w\" sizes=\"(max-width: 300px) 100vw, 300px\" \/><\/p><p><u>80km en solo :<\/u> \u00a0Louis &#8211; Abandon au ravitaillement d\u2019Izernore<\/p><p><u>80km relais 4 :<\/u>\u00a0 <br \/>Audrey et ses dr\u00f4les de mecs : Eric D, Audrey, Maxime &amp; Eric P<br \/>11<sup>\u00e8me<\/sup> au classement g\u00e9n\u00e9ral en 8\u00a0:48\u00a0:35<\/p><p>Les carnazes : Herv\u00e9 M, Karine, Val &amp; Mathieu E<br \/>13<sup>\u00e8me<\/sup> au classement g\u00e9n\u00e9ral en 9\u00a0:06\u00a0:59<\/p><p>Philippe et ses dr\u00f4les de dames : Justine, Kamila, Lorette &amp; Philippe B<br \/>14<sup>\u00e8me<\/sup> au classement g\u00e9n\u00e9ral en 9\u00a0:07\u00a0:00<\/p><p><u>22km en solo :<\/u> \u00a0<br \/>S\u00e9bastien \u2013 47<sup>\u00e8me<\/sup> au classement g\u00e9n\u00e9ral en 2\u00a0:07\u00a0:46<br \/>Sophie \u2013 61<sup>\u00e8me<\/sup> au classement g\u00e9n\u00e9ral en 2\u00a0:13\u00a0:24<br \/>Claire C \u2013 75<sup>\u00e8me<\/sup> au classement g\u00e9n\u00e9ral en 2\u00a0:19\u00a0:43<br \/>Cath \u2013 127<sup>\u00e8me<\/sup> au classement g\u00e9n\u00e9ral en 2\u00a0:55\u00a0:49<br \/>Nathalie \u2013 131<sup>\u00e8me<\/sup> au classement g\u00e9n\u00e9ral en 2 :57 :14<br \/>G\u00e9rald \u2013 136<sup>\u00e8me<\/sup> au classement g\u00e9n\u00e9ral en 3\u00a0:02\u00a0:20<br \/>Cristina \u2013 137<sup>\u00e8me<\/sup> au classement g\u00e9n\u00e9ral en 3\u00a0:04\u00a0:23<\/p><p><u>11km en solo\u00a0: <\/u>\u00a0<br \/>Fred\u00a0O \u2013 41<sup>\u00e8me<\/sup> au classement g\u00e9n\u00e9ral en 1 :27 :23<br \/>Sandrine \u2013 45<sup>\u00e8me<\/sup> au classement g\u00e9n\u00e9ral en 1 :33 :28<br \/>B\u00e9n\u00e9dicte \u2013 52<sup>\u00e8me<\/sup> au classement g\u00e9n\u00e9ral en 1\u00a0:42\u00a0:47<br \/>S\u00e9bastien \u2013 47<sup>\u00e8me<\/sup> au classement g\u00e9n\u00e9ral en 2\u00a0:07\u00a0:46<\/p><p>Dans l\u2019article pr\u00e9c\u00e8dent nous avions demand\u00e9 \u00e0 deux de nos coureurs comment ils se sentaient avant la course. Maintenant, nous allons savoir comment ils ont ressenti la course\u00a0:<\/p>\t\t\t\t\t\t<\/div>\n\t\t\t\t<\/div>\n\t\t\t\t\t<\/div>\n\t\t<\/div>\n\t\t\t\t\t<\/div>\n\t\t<\/section>\n\t\t\t\t<section class=\"elementor-section elementor-top-section elementor-element elementor-element-5ef704b elementor-section-boxed elementor-section-height-default elementor-section-height-default\" data-id=\"5ef704b\" data-element_type=\"section\">\n\t\t\t\t\t\t<div class=\"elementor-container elementor-column-gap-default\">\n\t\t\t\t\t<div class=\"elementor-column elementor-col-100 elementor-top-column elementor-element elementor-element-15d85bd\" data-id=\"15d85bd\" data-element_type=\"column\">\n\t\t\t<div class=\"elementor-widget-wrap elementor-element-populated\">\n\t\t\t\t\t\t<section class=\"elementor-section elementor-inner-section elementor-element elementor-element-9729022 elementor-section-boxed elementor-section-height-default elementor-section-height-default\" data-id=\"9729022\" data-element_type=\"section\">\n\t\t\t\t\t\t<div class=\"elementor-container elementor-column-gap-default\">\n\t\t\t\t\t<div class=\"elementor-column elementor-col-50 elementor-inner-column elementor-element elementor-element-7e0e50e\" data-id=\"7e0e50e\" data-element_type=\"column\">\n\t\t\t<div class=\"elementor-widget-wrap elementor-element-populated\">\n\t\t\t\t\t\t<div class=\"elementor-element elementor-element-ba1ef0d elementor-widget elementor-widget-image\" data-id=\"ba1ef0d\" data-element_type=\"widget\" data-widget_type=\"image.default\">\n\t\t\t\t<div class=\"elementor-widget-container\">\n\t\t\t\t\t\t\t\t\t\t\t\t\t<img decoding=\"async\" width=\"159\" height=\"518\" src=\"https:\/\/trailetmacadam.fr\/WP\/wp-content\/uploads\/2022\/02\/ITW1.png\" class=\"attachment-large size-large wp-image-8114\" alt=\"\" srcset=\"https:\/\/trailetmacadam.fr\/WP\/wp-content\/uploads\/2022\/02\/ITW1.png 159w, https:\/\/trailetmacadam.fr\/WP\/wp-content\/uploads\/2022\/02\/ITW1-92x300.png 92w\" sizes=\"(max-width: 159px) 100vw, 159px\" \/>\t\t\t\t\t\t\t\t\t\t\t\t\t<\/div>\n\t\t\t\t<\/div>\n\t\t\t\t\t<\/div>\n\t\t<\/div>\n\t\t\t\t<div class=\"elementor-column elementor-col-50 elementor-inner-column elementor-element elementor-element-c193d1b\" data-id=\"c193d1b\" data-element_type=\"column\">\n\t\t\t<div class=\"elementor-widget-wrap elementor-element-populated\">\n\t\t\t\t\t\t<div class=\"elementor-element elementor-element-d262438 elementor-widget elementor-widget-text-editor\" data-id=\"d262438\" data-element_type=\"widget\" data-widget_type=\"text-editor.default\">\n\t\t\t\t<div class=\"elementor-widget-container\">\n\t\t\t\t\t\t\t<p>Val\u00e9rie ADOBATI, 51 ans<\/p><p><strong>Comment t\u2019es-tu senti sur la course ?<br \/><\/strong>Super bien, \u00e7a d\u00e9roulait tout seul. Et comme \u00e7a faisait longtemps que je n&#8217;avais pas remis un dossard, ce n\u2019\u00e9tait que du plaisir\u00a0! Malgr\u00e9 quelques endroits bien boueux\u00a0!<\/p><p><strong>Quelle strat\u00e9gie as-tu adopt\u00e9e ?<br \/><\/strong>Donner tout ce que j&#8217;avais sous la semelle et essayer de remonter sur les 2 autres \u00e9quipes T&amp;M qui nous avaient devanc\u00e9es. (De toutes fa\u00e7ons, le coach n\u2019avait pas donn\u00e9 d\u2019autres consignes\u00a0\ud83d\ude09)<\/p><p><strong>Comment \u00e9tait le parcours\u00a0? A refaire ou non\u00a0? <br \/><\/strong>Parcours assez technique avec de belles descentes pour pouvoir l\u00e2cher les chevaux. Et surtout le passage sur le viaduc de Cize Bolozon, j&#8217;ai ador\u00e9 les lumi\u00e8res et l&#8217;ambiance.<\/p><p>A refaire oui, mais il faut que j&#8217;en parle d&#8217;abord mes co\u00e9quipiers.<\/p><p>Merci \u00e0 tous nos supporters qui n&#8217;ont pas h\u00e9sit\u00e9 \u00e0 braver les temp\u00e9ratures n\u00e9gatives pour venir nous soutenir.\u00a0<\/p>\t\t\t\t\t\t<\/div>\n\t\t\t\t<\/div>\n\t\t\t\t\t<\/div>\n\t\t<\/div>\n\t\t\t\t\t<\/div>\n\t\t<\/section>\n\t\t\t\t\t<\/div>\n\t\t<\/div>\n\t\t\t\t\t<\/div>\n\t\t<\/section>\n\t\t\t\t<section class=\"elementor-section elementor-top-section elementor-element elementor-element-e4dd988 elementor-section-boxed elementor-section-height-default elementor-section-height-default\" data-id=\"e4dd988\" data-element_type=\"section\">\n\t\t\t\t\t\t<div class=\"elementor-container elementor-column-gap-default\">\n\t\t\t\t\t<div class=\"elementor-column elementor-col-100 elementor-top-column elementor-element elementor-element-30683a0\" data-id=\"30683a0\" data-element_type=\"column\">\n\t\t\t<div class=\"elementor-widget-wrap elementor-element-populated\">\n\t\t\t\t\t\t<section class=\"elementor-section elementor-inner-section elementor-element elementor-element-88b3573 elementor-section-boxed elementor-section-height-default elementor-section-height-default\" data-id=\"88b3573\" data-element_type=\"section\">\n\t\t\t\t\t\t<div class=\"elementor-container elementor-column-gap-default\">\n\t\t\t\t\t<div class=\"elementor-column elementor-col-50 elementor-inner-column elementor-element elementor-element-5672f4a\" data-id=\"5672f4a\" data-element_type=\"column\">\n\t\t\t<div class=\"elementor-widget-wrap elementor-element-populated\">\n\t\t\t\t\t\t<div class=\"elementor-element elementor-element-7d8fdf8 elementor-widget elementor-widget-image\" data-id=\"7d8fdf8\" data-element_type=\"widget\" data-widget_type=\"image.default\">\n\t\t\t\t<div class=\"elementor-widget-container\">\n\t\t\t\t\t\t\t\t\t\t\t\t\t<img decoding=\"async\" src=\"https:\/\/trailetmacadam.fr\/WP\/wp-content\/uploads\/2022\/02\/ITW2.png\" title=\"ITW2\" alt=\"ITW2\" loading=\"lazy\" \/>\t\t\t\t\t\t\t\t\t\t\t\t\t<\/div>\n\t\t\t\t<\/div>\n\t\t\t\t<div class=\"elementor-element elementor-element-7dcfcf4 elementor-widget elementor-widget-text-editor\" data-id=\"7dcfcf4\" data-element_type=\"widget\" data-widget_type=\"text-editor.default\">\n\t\t\t\t<div class=\"elementor-widget-container\">\n\t\t\t\t\t\t\t<p style=\"text-align: center;\">A bient\u00f4t pour de <br \/>nouvelles ITW T&amp;M\u00a0!<\/p><p style=\"text-align: right;\"><em>Ange Line et Lorette<\/em><\/p>\t\t\t\t\t\t<\/div>\n\t\t\t\t<\/div>\n\t\t\t\t\t<\/div>\n\t\t<\/div>\n\t\t\t\t<div class=\"elementor-column elementor-col-50 elementor-inner-column elementor-element elementor-element-67a1185\" data-id=\"67a1185\" data-element_type=\"column\">\n\t\t\t<div class=\"elementor-widget-wrap elementor-element-populated\">\n\t\t\t\t\t\t<div class=\"elementor-element elementor-element-fead01f elementor-widget elementor-widget-text-editor\" data-id=\"fead01f\" data-element_type=\"widget\" data-widget_type=\"text-editor.default\">\n\t\t\t\t<div class=\"elementor-widget-container\">\n\t\t\t\t\t\t\t<p>Louis LALLEMENT, 23 ans<\/p><p><strong>Comment t\u2019es-tu senti sur la course ?<br \/><\/strong>La course s\u2019est bien pass\u00e9e sur la premi\u00e8re moiti\u00e9, malgr\u00e9 le rythme rapide les sensations \u00e9taient tr\u00e8s bonnes.<br \/>Pass\u00e9 les 40 km j\u2019ai commenc\u00e9 \u00e0 avoir les jambes raides quelques crampes et des douleurs au ventre.<br \/>La suite de la course avec son d\u00e9nivel\u00e9 plus raide n\u2019a pas arrang\u00e9 les choses. Apr\u00e8s la mont\u00e9e de Granges je n\u2019ai pas r\u00e9ussi \u00e0 recourir sur le plat et dans la descente. J\u2019ai donc longuement march\u00e9 en esp\u00e9rant me refaire la cerise et \u00e7a n\u2019a pas fonctionn\u00e9 j\u2019ai commenc\u00e9 \u00e0 avoir bien froid.<br \/>Finalement j\u2019ai abandonn\u00e9 en retrouvant Claire \u00e0 Chougeat.<\/p><p><strong>Quelle strat\u00e9gie as-tu adopt\u00e9e ?<br \/><\/strong>La strat\u00e9gie \u00e9tait de partir avec la t\u00eate de course, ce que j\u2019ai bien r\u00e9ussi \u00e0 faire sur le d\u00e9but du parcours. Puis de g\u00e9rer au mieux la fin sans trop perdre de temps.<br \/>La gestion de la nourriture et de l\u2019hydratation \u00e9tait pas mal.<\/p><p><strong>Comment \u00e9tait le parcours\u00a0? A refaire ou non\u00a0? <br \/><\/strong>Le parcours \u00e9tait roulant sur la premi\u00e8re partie et les difficult\u00e9s concentr\u00e9s sur le 3\u00e8me quart. Le balisage \u00e9tait tr\u00e8s bien r\u00e9alis\u00e9. Je n\u2019ai pas trouv\u00e9 le terrain si gras que je l\u2019avais imagin\u00e9.<br \/>Pas dans l\u2019imm\u00e9diat !\u00a0 Il faut d\u2019abord se roder sur des distances interm\u00e9diaires et faire beaucoup plus de foncier pour pr\u00e9parer son corps.<br \/>Mais j\u2019esp\u00e8re bien gagner le 80 km dans le futur pour voir les journaux titrer \u00ab Lallement vainqueur des Maquisards ! \u00bb<\/p><p>Pour conclure l\u2019objectif de la course \u00e9tait de se faire une exp\u00e9rience et de d\u00e9couvrir des choses pour le futur. Objectif atteint !<\/p><p>Merci \u00e0 Claire et aux copains\u00a0 de T&amp;M pour les encouragements, \u00e7a boost bien !<\/p>\t\t\t\t\t\t<\/div>\n\t\t\t\t<\/div>\n\t\t\t\t\t<\/div>\n\t\t<\/div>\n\t\t\t\t\t<\/div>\n\t\t<\/section>\n\t\t\t\t\t<\/div>\n\t\t<\/div>\n\t\t\t\t\t<\/div>\n\t\t<\/section>\n\t\t\t\t<\/div>\n\t\t","protected":false},"excerpt":{"rendered":"<p>C\u2019est en ce Samedi 19 f\u00e9vrier 2022 que nos coureurs de Trail&amp;MACADAM ont su dompter La Trace des Maquisards\u2026 Ce fut une super exp\u00e9rience pour tous avec un parcours top et technique et une organisation impeccable. Merci \u00e0 tous pour votre soutien et vos encouragements le long du parcours&nbsp;! Voici un apr\u00e8s de la course [&hellip;]<\/p>\n","protected":false},"author":8,"featured_media":8117,"comment_status":"closed","ping_status":"closed","sticky":false,"template":"","format":"standard","meta":{"ocean_post_layout":"","ocean_both_sidebars_style":"","ocean_both_sidebars_content_width":0,"ocean_both_sidebars_sidebars_width":0,"ocean_sidebar":"0","ocean_second_sidebar":"0","ocean_disable_margins":"enable","ocean_add_body_class":"","ocean_shortcode_before_top_bar":"","ocean_shortcode_after_top_bar":"","ocean_shortcode_before_header":"","ocean_shortcode_after_header":"","ocean_has_shortcode":"","ocean_shortcode_after_title":"","ocean_shortcode_before_footer_widgets":"","ocean_shortcode_after_footer_widgets":"","ocean_shortcode_before_footer_bottom":"","ocean_shortcode_after_footer_bottom":"","ocean_display_top_bar":"default","ocean_display_header":"default","ocean_header_style":"","ocean_center_header_left_menu":"0","ocean_custom_header_template":"0","ocean_custom_logo":0,"ocean_custom_retina_logo":0,"ocean_custom_logo_max_width":0,"ocean_custom_logo_tablet_max_width":0,"ocean_custom_logo_mobile_max_width":0,"ocean_custom_logo_max_height":0,"ocean_custom_logo_tablet_max_height":0,"ocean_custom_logo_mobile_max_height":0,"ocean_header_custom_menu":"0","ocean_menu_typo_font_family":"0","ocean_menu_typo_font_subset":"","ocean_menu_typo_font_size":0,"ocean_menu_typo_font_size_tablet":0,"ocean_menu_typo_font_size_mobile":0,"ocean_menu_typo_font_size_unit":"px","ocean_menu_typo_font_weight":"","ocean_menu_typo_font_weight_tablet":"","ocean_menu_typo_font_weight_mobile":"","ocean_menu_typo_transform":"","ocean_menu_typo_transform_tablet":"","ocean_menu_typo_transform_mobile":"","ocean_menu_typo_line_height":0,"ocean_menu_typo_line_height_tablet":0,"ocean_menu_typo_line_height_mobile":0,"ocean_menu_typo_line_height_unit":"","ocean_menu_typo_spacing":0,"ocean_menu_typo_spacing_tablet":0,"ocean_menu_typo_spacing_mobile":0,"ocean_menu_typo_spacing_unit":"","ocean_menu_link_color":"","ocean_menu_link_color_hover":"","ocean_menu_link_color_active":"","ocean_menu_link_background":"","ocean_menu_link_hover_background":"","ocean_menu_link_active_background":"","ocean_menu_social_links_bg":"","ocean_menu_social_hover_links_bg":"","ocean_menu_social_links_color":"","ocean_menu_social_hover_links_color":"","ocean_disable_title":"default","ocean_disable_heading":"default","ocean_post_title":"","ocean_post_subheading":"","ocean_post_title_style":"","ocean_post_title_background_color":"","ocean_post_title_background":0,"ocean_post_title_bg_image_position":"","ocean_post_title_bg_image_attachment":"","ocean_post_title_bg_image_repeat":"","ocean_post_title_bg_image_size":"","ocean_post_title_height":0,"ocean_post_title_bg_overlay":0.5,"ocean_post_title_bg_overlay_color":"","ocean_disable_breadcrumbs":"default","ocean_breadcrumbs_color":"","ocean_breadcrumbs_separator_color":"","ocean_breadcrumbs_links_color":"","ocean_breadcrumbs_links_hover_color":"","ocean_display_footer_widgets":"default","ocean_display_footer_bottom":"default","ocean_custom_footer_template":"0","ocean_post_oembed":"","ocean_post_self_hosted_media":"","ocean_post_video_embed":"","ocean_link_format":"","ocean_link_format_target":"self","ocean_quote_format":"","ocean_quote_format_link":"post","ocean_gallery_link_images":"off","ocean_gallery_id":[],"footnotes":""},"categories":[3],"tags":[],"class_list":["post-8140","post","type-post","status-publish","format-standard","has-post-thumbnail","hentry","category-vie-club","entry","has-media"],"yoast_head":"<!-- This site is optimized with the Yoast SEO plugin v24.6 - https:\/\/yoast.com\/wordpress\/plugins\/seo\/ -->\n<title>La Trace des Maquisards - Trail &amp; MACADAM<\/title>\n<meta name=\"robots\" content=\"index, follow, max-snippet:-1, max-image-preview:large, max-video-preview:-1\" \/>\n<link rel=\"canonical\" href=\"https:\/\/trailetmacadam.fr\/WP\/la-trace-des-maquisards-2\/\" \/>\n<meta property=\"og:locale\" content=\"fr_FR\" \/>\n<meta property=\"og:type\" content=\"article\" \/>\n<meta property=\"og:title\" content=\"La Trace des Maquisards - Trail &amp; MACADAM\" \/>\n<meta property=\"og:description\" content=\"C\u2019est en ce Samedi 19 f\u00e9vrier 2022 que nos coureurs de Trail&amp;MACADAM ont su dompter La Trace des Maquisards\u2026 Ce fut une super exp\u00e9rience pour tous avec un parcours top et technique et une organisation impeccable. Merci \u00e0 tous pour votre soutien et vos encouragements le long du parcours&nbsp;! Voici un apr\u00e8s de la course [&hellip;]\" \/>\n<meta property=\"og:url\" content=\"https:\/\/trailetmacadam.fr\/WP\/la-trace-des-maquisards-2\/\" \/>\n<meta property=\"og:site_name\" content=\"Trail &amp; MACADAM\" \/>\n<meta property=\"article:publisher\" content=\"https:\/\/www.facebook.com\/Trailetmacadam\" \/>\n<meta property=\"article:published_time\" content=\"2022-02-24T20:45:58+00:00\" \/>\n<meta property=\"article:modified_time\" content=\"2025-01-02T10:28:37+00:00\" \/>\n<meta property=\"og:image\" content=\"https:\/\/trailetmacadam.fr\/WP\/wp-content\/uploads\/2022\/02\/ITW3.png\" \/>\n\t<meta property=\"og:image:width\" content=\"344\" \/>\n\t<meta property=\"og:image:height\" content=\"231\" \/>\n\t<meta property=\"og:image:type\" content=\"image\/png\" \/>\n<meta name=\"author\" content=\"Trail &amp; MACADAM\" \/>\n<meta name=\"twitter:card\" content=\"summary_large_image\" \/>\n<meta name=\"twitter:label1\" content=\"\u00c9crit par\" \/>\n\t<meta name=\"twitter:data1\" content=\"Trail &amp; MACADAM\" \/>\n\t<meta name=\"twitter:label2\" content=\"Dur\u00e9e de lecture estim\u00e9e\" \/>\n\t<meta name=\"twitter:data2\" content=\"5 minutes\" \/>\n<script type=\"application\/ld+json\" class=\"yoast-schema-graph\">{\"@context\":\"https:\/\/schema.org\",\"@graph\":[{\"@type\":\"Article\",\"@id\":\"https:\/\/trailetmacadam.fr\/WP\/la-trace-des-maquisards-2\/#article\",\"isPartOf\":{\"@id\":\"https:\/\/trailetmacadam.fr\/WP\/la-trace-des-maquisards-2\/\"},\"author\":{\"name\":\"Trail &amp; MACADAM\",\"@id\":\"https:\/\/trailetmacadam.fr\/WP\/#\/schema\/person\/76cdbd9430e9080dfe4b906021aa32f9\"},\"headline\":\"La Trace des Maquisards\",\"datePublished\":\"2022-02-24T20:45:58+00:00\",\"dateModified\":\"2025-01-02T10:28:37+00:00\",\"mainEntityOfPage\":{\"@id\":\"https:\/\/trailetmacadam.fr\/WP\/la-trace-des-maquisards-2\/\"},\"wordCount\":787,\"publisher\":{\"@id\":\"https:\/\/trailetmacadam.fr\/WP\/#organization\"},\"image\":{\"@id\":\"https:\/\/trailetmacadam.fr\/WP\/la-trace-des-maquisards-2\/#primaryimage\"},\"thumbnailUrl\":\"https:\/\/trailetmacadam.fr\/WP\/wp-content\/uploads\/2022\/02\/ITW3.png\",\"articleSection\":[\"Vie Club\"],\"inLanguage\":\"fr-FR\"},{\"@type\":\"WebPage\",\"@id\":\"https:\/\/trailetmacadam.fr\/WP\/la-trace-des-maquisards-2\/\",\"url\":\"https:\/\/trailetmacadam.fr\/WP\/la-trace-des-maquisards-2\/\",\"name\":\"La Trace des Maquisards - Trail &amp; MACADAM\",\"isPartOf\":{\"@id\":\"https:\/\/trailetmacadam.fr\/WP\/#website\"},\"primaryImageOfPage\":{\"@id\":\"https:\/\/trailetmacadam.fr\/WP\/la-trace-des-maquisards-2\/#primaryimage\"},\"image\":{\"@id\":\"https:\/\/trailetmacadam.fr\/WP\/la-trace-des-maquisards-2\/#primaryimage\"},\"thumbnailUrl\":\"https:\/\/trailetmacadam.fr\/WP\/wp-content\/uploads\/2022\/02\/ITW3.png\",\"datePublished\":\"2022-02-24T20:45:58+00:00\",\"dateModified\":\"2025-01-02T10:28:37+00:00\",\"breadcrumb\":{\"@id\":\"https:\/\/trailetmacadam.fr\/WP\/la-trace-des-maquisards-2\/#breadcrumb\"},\"inLanguage\":\"fr-FR\",\"potentialAction\":[{\"@type\":\"ReadAction\",\"target\":[\"https:\/\/trailetmacadam.fr\/WP\/la-trace-des-maquisards-2\/\"]}]},{\"@type\":\"ImageObject\",\"inLanguage\":\"fr-FR\",\"@id\":\"https:\/\/trailetmacadam.fr\/WP\/la-trace-des-maquisards-2\/#primaryimage\",\"url\":\"https:\/\/trailetmacadam.fr\/WP\/wp-content\/uploads\/2022\/02\/ITW3.png\",\"contentUrl\":\"https:\/\/trailetmacadam.fr\/WP\/wp-content\/uploads\/2022\/02\/ITW3.png\",\"width\":344,\"height\":231},{\"@type\":\"BreadcrumbList\",\"@id\":\"https:\/\/trailetmacadam.fr\/WP\/la-trace-des-maquisards-2\/#breadcrumb\",\"itemListElement\":[{\"@type\":\"ListItem\",\"position\":1,\"name\":\"Accueil\",\"item\":\"https:\/\/trailetmacadam.fr\/WP\/\"},{\"@type\":\"ListItem\",\"position\":2,\"name\":\"La Trace des Maquisards\"}]},{\"@type\":\"WebSite\",\"@id\":\"https:\/\/trailetmacadam.fr\/WP\/#website\",\"url\":\"https:\/\/trailetmacadam.fr\/WP\/\",\"name\":\"Trail et MACADAM\",\"description\":\"La seule mauvaise course, c&#039;est celle que tu ne fais pas !\",\"publisher\":{\"@id\":\"https:\/\/trailetmacadam.fr\/WP\/#organization\"},\"potentialAction\":[{\"@type\":\"SearchAction\",\"target\":{\"@type\":\"EntryPoint\",\"urlTemplate\":\"https:\/\/trailetmacadam.fr\/WP\/?s={search_term_string}\"},\"query-input\":{\"@type\":\"PropertyValueSpecification\",\"valueRequired\":true,\"valueName\":\"search_term_string\"}}],\"inLanguage\":\"fr-FR\"},{\"@type\":\"Organization\",\"@id\":\"https:\/\/trailetmacadam.fr\/WP\/#organization\",\"name\":\"Trail & MACADAM\",\"url\":\"https:\/\/trailetmacadam.fr\/WP\/\",\"logo\":{\"@type\":\"ImageObject\",\"inLanguage\":\"fr-FR\",\"@id\":\"https:\/\/trailetmacadam.fr\/WP\/#\/schema\/logo\/image\/\",\"url\":\"https:\/\/trailetmacadam.fr\/WP\/wp-content\/uploads\/2020\/12\/cropped-telechargement-1.jpg\",\"contentUrl\":\"https:\/\/trailetmacadam.fr\/WP\/wp-content\/uploads\/2020\/12\/cropped-telechargement-1.jpg\",\"width\":225,\"height\":225,\"caption\":\"Trail & MACADAM\"},\"image\":{\"@id\":\"https:\/\/trailetmacadam.fr\/WP\/#\/schema\/logo\/image\/\"},\"sameAs\":[\"https:\/\/www.facebook.com\/Trailetmacadam\"]},{\"@type\":\"Person\",\"@id\":\"https:\/\/trailetmacadam.fr\/WP\/#\/schema\/person\/76cdbd9430e9080dfe4b906021aa32f9\",\"name\":\"Trail &amp; MACADAM\",\"image\":{\"@type\":\"ImageObject\",\"inLanguage\":\"fr-FR\",\"@id\":\"https:\/\/trailetmacadam.fr\/WP\/#\/schema\/person\/image\/\",\"url\":\"https:\/\/secure.gravatar.com\/avatar\/125c81fd825f61c8ce4932b9a5840bd2?s=96&d=mm&r=g\",\"contentUrl\":\"https:\/\/secure.gravatar.com\/avatar\/125c81fd825f61c8ce4932b9a5840bd2?s=96&d=mm&r=g\",\"caption\":\"Trail &amp; MACADAM\"}}]}<\/script>\n<!-- \/ Yoast SEO plugin. -->","yoast_head_json":{"title":"La Trace des Maquisards - Trail &amp; MACADAM","robots":{"index":"index","follow":"follow","max-snippet":"max-snippet:-1","max-image-preview":"max-image-preview:large","max-video-preview":"max-video-preview:-1"},"canonical":"https:\/\/trailetmacadam.fr\/WP\/la-trace-des-maquisards-2\/","og_locale":"fr_FR","og_type":"article","og_title":"La Trace des Maquisards - Trail &amp; MACADAM","og_description":"C\u2019est en ce Samedi 19 f\u00e9vrier 2022 que nos coureurs de Trail&amp;MACADAM ont su dompter La Trace des Maquisards\u2026 Ce fut une super exp\u00e9rience pour tous avec un parcours top et technique et une organisation impeccable. Merci \u00e0 tous pour votre soutien et vos encouragements le long du parcours&nbsp;! Voici un apr\u00e8s de la course [&hellip;]","og_url":"https:\/\/trailetmacadam.fr\/WP\/la-trace-des-maquisards-2\/","og_site_name":"Trail &amp; MACADAM","article_publisher":"https:\/\/www.facebook.com\/Trailetmacadam","article_published_time":"2022-02-24T20:45:58+00:00","article_modified_time":"2025-01-02T10:28:37+00:00","og_image":[{"width":344,"height":231,"url":"https:\/\/trailetmacadam.fr\/WP\/wp-content\/uploads\/2022\/02\/ITW3.png","type":"image\/png"}],"author":"Trail &amp; MACADAM","twitter_card":"summary_large_image","twitter_misc":{"\u00c9crit par":"Trail &amp; MACADAM","Dur\u00e9e de lecture estim\u00e9e":"5 minutes"},"schema":{"@context":"https:\/\/schema.org","@graph":[{"@type":"Article","@id":"https:\/\/trailetmacadam.fr\/WP\/la-trace-des-maquisards-2\/#article","isPartOf":{"@id":"https:\/\/trailetmacadam.fr\/WP\/la-trace-des-maquisards-2\/"},"author":{"name":"Trail &amp; MACADAM","@id":"https:\/\/trailetmacadam.fr\/WP\/#\/schema\/person\/76cdbd9430e9080dfe4b906021aa32f9"},"headline":"La Trace des Maquisards","datePublished":"2022-02-24T20:45:58+00:00","dateModified":"2025-01-02T10:28:37+00:00","mainEntityOfPage":{"@id":"https:\/\/trailetmacadam.fr\/WP\/la-trace-des-maquisards-2\/"},"wordCount":787,"publisher":{"@id":"https:\/\/trailetmacadam.fr\/WP\/#organization"},"image":{"@id":"https:\/\/trailetmacadam.fr\/WP\/la-trace-des-maquisards-2\/#primaryimage"},"thumbnailUrl":"https:\/\/trailetmacadam.fr\/WP\/wp-content\/uploads\/2022\/02\/ITW3.png","articleSection":["Vie Club"],"inLanguage":"fr-FR"},{"@type":"WebPage","@id":"https:\/\/trailetmacadam.fr\/WP\/la-trace-des-maquisards-2\/","url":"https:\/\/trailetmacadam.fr\/WP\/la-trace-des-maquisards-2\/","name":"La Trace des Maquisards - Trail &amp; MACADAM","isPartOf":{"@id":"https:\/\/trailetmacadam.fr\/WP\/#website"},"primaryImageOfPage":{"@id":"https:\/\/trailetmacadam.fr\/WP\/la-trace-des-maquisards-2\/#primaryimage"},"image":{"@id":"https:\/\/trailetmacadam.fr\/WP\/la-trace-des-maquisards-2\/#primaryimage"},"thumbnailUrl":"https:\/\/trailetmacadam.fr\/WP\/wp-content\/uploads\/2022\/02\/ITW3.png","datePublished":"2022-02-24T20:45:58+00:00","dateModified":"2025-01-02T10:28:37+00:00","breadcrumb":{"@id":"https:\/\/trailetmacadam.fr\/WP\/la-trace-des-maquisards-2\/#breadcrumb"},"inLanguage":"fr-FR","potentialAction":[{"@type":"ReadAction","target":["https:\/\/trailetmacadam.fr\/WP\/la-trace-des-maquisards-2\/"]}]},{"@type":"ImageObject","inLanguage":"fr-FR","@id":"https:\/\/trailetmacadam.fr\/WP\/la-trace-des-maquisards-2\/#primaryimage","url":"https:\/\/trailetmacadam.fr\/WP\/wp-content\/uploads\/2022\/02\/ITW3.png","contentUrl":"https:\/\/trailetmacadam.fr\/WP\/wp-content\/uploads\/2022\/02\/ITW3.png","width":344,"height":231},{"@type":"BreadcrumbList","@id":"https:\/\/trailetmacadam.fr\/WP\/la-trace-des-maquisards-2\/#breadcrumb","itemListElement":[{"@type":"ListItem","position":1,"name":"Accueil","item":"https:\/\/trailetmacadam.fr\/WP\/"},{"@type":"ListItem","position":2,"name":"La Trace des Maquisards"}]},{"@type":"WebSite","@id":"https:\/\/trailetmacadam.fr\/WP\/#website","url":"https:\/\/trailetmacadam.fr\/WP\/","name":"Trail et MACADAM","description":"La seule mauvaise course, c&#039;est celle que tu ne fais pas !","publisher":{"@id":"https:\/\/trailetmacadam.fr\/WP\/#organization"},"potentialAction":[{"@type":"SearchAction","target":{"@type":"EntryPoint","urlTemplate":"https:\/\/trailetmacadam.fr\/WP\/?s={search_term_string}"},"query-input":{"@type":"PropertyValueSpecification","valueRequired":true,"valueName":"search_term_string"}}],"inLanguage":"fr-FR"},{"@type":"Organization","@id":"https:\/\/trailetmacadam.fr\/WP\/#organization","name":"Trail & MACADAM","url":"https:\/\/trailetmacadam.fr\/WP\/","logo":{"@type":"ImageObject","inLanguage":"fr-FR","@id":"https:\/\/trailetmacadam.fr\/WP\/#\/schema\/logo\/image\/","url":"https:\/\/trailetmacadam.fr\/WP\/wp-content\/uploads\/2020\/12\/cropped-telechargement-1.jpg","contentUrl":"https:\/\/trailetmacadam.fr\/WP\/wp-content\/uploads\/2020\/12\/cropped-telechargement-1.jpg","width":225,"height":225,"caption":"Trail & MACADAM"},"image":{"@id":"https:\/\/trailetmacadam.fr\/WP\/#\/schema\/logo\/image\/"},"sameAs":["https:\/\/www.facebook.com\/Trailetmacadam"]},{"@type":"Person","@id":"https:\/\/trailetmacadam.fr\/WP\/#\/schema\/person\/76cdbd9430e9080dfe4b906021aa32f9","name":"Trail &amp; MACADAM","image":{"@type":"ImageObject","inLanguage":"fr-FR","@id":"https:\/\/trailetmacadam.fr\/WP\/#\/schema\/person\/image\/","url":"https:\/\/secure.gravatar.com\/avatar\/125c81fd825f61c8ce4932b9a5840bd2?s=96&d=mm&r=g","contentUrl":"https:\/\/secure.gravatar.com\/avatar\/125c81fd825f61c8ce4932b9a5840bd2?s=96&d=mm&r=g","caption":"Trail &amp; MACADAM"}}]}},"_links":{"self":[{"href":"https:\/\/trailetmacadam.fr\/WP\/wp-json\/wp\/v2\/posts\/8140","targetHints":{"allow":["GET"]}}],"collection":[{"href":"https:\/\/trailetmacadam.fr\/WP\/wp-json\/wp\/v2\/posts"}],"about":[{"href":"https:\/\/trailetmacadam.fr\/WP\/wp-json\/wp\/v2\/types\/post"}],"author":[{"embeddable":true,"href":"https:\/\/trailetmacadam.fr\/WP\/wp-json\/wp\/v2\/users\/8"}],"replies":[{"embeddable":true,"href":"https:\/\/trailetmacadam.fr\/WP\/wp-json\/wp\/v2\/comments?post=8140"}],"version-history":[{"count":25,"href":"https:\/\/trailetmacadam.fr\/WP\/wp-json\/wp\/v2\/posts\/8140\/revisions"}],"predecessor-version":[{"id":8165,"href":"https:\/\/trailetmacadam.fr\/WP\/wp-json\/wp\/v2\/posts\/8140\/revisions\/8165"}],"wp:featuredmedia":[{"embeddable":true,"href":"https:\/\/trailetmacadam.fr\/WP\/wp-json\/wp\/v2\/media\/8117"}],"wp:attachment":[{"href":"https:\/\/trailetmacadam.fr\/WP\/wp-json\/wp\/v2\/media?parent=8140"}],"wp:term":[{"taxonomy":"category","embeddable":true,"href":"https:\/\/trailetmacadam.fr\/WP\/wp-json\/wp\/v2\/categories?post=8140"},{"taxonomy":"post_tag","embeddable":true,"href":"https:\/\/trailetmacadam.fr\/WP\/wp-json\/wp\/v2\/tags?post=8140"}],"curies":[{"name":"wp","href":"https:\/\/api.w.org\/{rel}","templated":true}]}}