{"id":9076,"date":"2023-03-18T11:36:32","date_gmt":"2023-03-18T10:36:32","guid":{"rendered":"https:\/\/trailetmacadam.fr\/WP\/?p=9076"},"modified":"2024-09-04T18:29:15","modified_gmt":"2024-09-04T16:29:15","slug":"les-objectifs-de-la-saison","status":"publish","type":"post","link":"https:\/\/trailetmacadam.fr\/WP\/les-objectifs-de-la-saison\/","title":{"rendered":"Les objectifs de la saison"},"content":{"rendered":"\t\t<div data-elementor-type=\"wp-post\" data-elementor-id=\"9076\" class=\"elementor elementor-9076\">\n\t\t\t\t\t\t<section class=\"elementor-section elementor-top-section elementor-element elementor-element-9ac5c5b elementor-section-boxed elementor-section-height-default elementor-section-height-default\" data-id=\"9ac5c5b\" data-element_type=\"section\">\n\t\t\t\t\t\t<div class=\"elementor-container elementor-column-gap-default\">\n\t\t\t\t\t<div class=\"elementor-column elementor-col-33 elementor-top-column elementor-element elementor-element-013416d\" data-id=\"013416d\" data-element_type=\"column\">\n\t\t\t<div class=\"elementor-widget-wrap elementor-element-populated\">\n\t\t\t\t\t\t<div class=\"elementor-element elementor-element-8816c92 elementor-widget elementor-widget-heading\" data-id=\"8816c92\" data-element_type=\"widget\" data-widget_type=\"heading.default\">\n\t\t\t\t<div class=\"elementor-widget-container\">\n\t\t\t<h1 class=\"elementor-heading-title elementor-size-large\">Ultra 01<\/h1>\t\t<\/div>\n\t\t\t\t<\/div>\n\t\t\t\t<div class=\"elementor-element elementor-element-08e124e elementor-widget elementor-widget-image\" data-id=\"08e124e\" data-element_type=\"widget\" data-widget_type=\"image.default\">\n\t\t\t\t<div class=\"elementor-widget-container\">\n\t\t\t\t\t\t\t\t\t\t\t\t\t<img fetchpriority=\"high\" decoding=\"async\" width=\"761\" height=\"843\" src=\"https:\/\/trailetmacadam.fr\/WP\/wp-content\/uploads\/2023\/03\/Ultra-photo-retouchee.jpg\" class=\"attachment-large size-large wp-image-9086\" alt=\"\" srcset=\"https:\/\/trailetmacadam.fr\/WP\/wp-content\/uploads\/2023\/03\/Ultra-photo-retouchee.jpg 761w, https:\/\/trailetmacadam.fr\/WP\/wp-content\/uploads\/2023\/03\/Ultra-photo-retouchee-271x300.jpg 271w\" sizes=\"(max-width: 761px) 100vw, 761px\" \/>\t\t\t\t\t\t\t\t\t\t\t\t\t<\/div>\n\t\t\t\t<\/div>\n\t\t\t\t\t<\/div>\n\t\t<\/div>\n\t\t\t\t<div class=\"elementor-column elementor-col-33 elementor-top-column elementor-element elementor-element-fad7892\" data-id=\"fad7892\" data-element_type=\"column\">\n\t\t\t<div class=\"elementor-widget-wrap elementor-element-populated\">\n\t\t\t\t\t\t<div class=\"elementor-element elementor-element-40a3db4 elementor-widget elementor-widget-heading\" data-id=\"40a3db4\" data-element_type=\"widget\" data-widget_type=\"heading.default\">\n\t\t\t\t<div class=\"elementor-widget-container\">\n\t\t\t<h2 class=\"elementor-heading-title elementor-size-default\">Tour de l'Ain<\/h2>\t\t<\/div>\n\t\t\t\t<\/div>\n\t\t\t\t<div class=\"elementor-element elementor-element-586ceb5 elementor-widget elementor-widget-image\" data-id=\"586ceb5\" data-element_type=\"widget\" data-widget_type=\"image.default\">\n\t\t\t\t<div class=\"elementor-widget-container\">\n\t\t\t\t\t\t\t\t\t\t\t\t\t<img decoding=\"async\" width=\"1024\" height=\"961\" src=\"https:\/\/trailetmacadam.fr\/WP\/wp-content\/uploads\/2023\/03\/tour-a.svg_.2023_03_15_21_46_18.0-1024x961.png\" class=\"attachment-large size-large wp-image-9078\" alt=\"\" srcset=\"https:\/\/trailetmacadam.fr\/WP\/wp-content\/uploads\/2023\/03\/tour-a.svg_.2023_03_15_21_46_18.0-1024x961.png 1024w, https:\/\/trailetmacadam.fr\/WP\/wp-content\/uploads\/2023\/03\/tour-a.svg_.2023_03_15_21_46_18.0-300x282.png 300w, https:\/\/trailetmacadam.fr\/WP\/wp-content\/uploads\/2023\/03\/tour-a.svg_.2023_03_15_21_46_18.0-768x721.png 768w, https:\/\/trailetmacadam.fr\/WP\/wp-content\/uploads\/2023\/03\/tour-a.svg_.2023_03_15_21_46_18.0.png 1271w\" sizes=\"(max-width: 1024px) 100vw, 1024px\" \/>\t\t\t\t\t\t\t\t\t\t\t\t\t<\/div>\n\t\t\t\t<\/div>\n\t\t\t\t<div class=\"elementor-element elementor-element-e910383 elementor-widget elementor-widget-image\" data-id=\"e910383\" data-element_type=\"widget\" data-widget_type=\"image.default\">\n\t\t\t\t<div class=\"elementor-widget-container\">\n\t\t\t\t\t\t\t\t\t\t\t\t\t<img decoding=\"async\" width=\"150\" height=\"150\" src=\"https:\/\/trailetmacadam.fr\/WP\/wp-content\/uploads\/2023\/03\/Tour-ain-logo-150x150.png\" class=\"attachment-thumbnail size-thumbnail wp-image-9087\" alt=\"\" \/>\t\t\t\t\t\t\t\t\t\t\t\t\t<\/div>\n\t\t\t\t<\/div>\n\t\t\t\t\t<\/div>\n\t\t<\/div>\n\t\t\t\t<div class=\"elementor-column elementor-col-33 elementor-top-column elementor-element elementor-element-ba5d508\" data-id=\"ba5d508\" data-element_type=\"column\">\n\t\t\t<div class=\"elementor-widget-wrap elementor-element-populated\">\n\t\t\t\t\t\t<div class=\"elementor-element elementor-element-d1fe005 elementor-widget elementor-widget-heading\" data-id=\"d1fe005\" data-element_type=\"widget\" data-widget_type=\"heading.default\">\n\t\t\t\t<div class=\"elementor-widget-container\">\n\t\t\t<h2 class=\"elementor-heading-title elementor-size-default\">Tour des Glaciers de la Vanoise<\/h2>\t\t<\/div>\n\t\t\t\t<\/div>\n\t\t\t\t<div class=\"elementor-element elementor-element-ff2b8db elementor-widget elementor-widget-image\" data-id=\"ff2b8db\" data-element_type=\"widget\" data-widget_type=\"image.default\">\n\t\t\t\t<div class=\"elementor-widget-container\">\n\t\t\t\t\t\t\t\t\t\t\t\t\t<img loading=\"lazy\" decoding=\"async\" width=\"150\" height=\"150\" src=\"https:\/\/trailetmacadam.fr\/WP\/wp-content\/uploads\/2023\/03\/TGV-2-150x150.png\" class=\"attachment-thumbnail size-thumbnail wp-image-9109\" alt=\"\" \/>\t\t\t\t\t\t\t\t\t\t\t\t\t<\/div>\n\t\t\t\t<\/div>\n\t\t\t\t<div class=\"elementor-element elementor-element-e4f2e58 elementor-widget elementor-widget-image\" data-id=\"e4f2e58\" data-element_type=\"widget\" data-widget_type=\"image.default\">\n\t\t\t\t<div class=\"elementor-widget-container\">\n\t\t\t\t\t\t\t\t\t\t\t\t\t<img loading=\"lazy\" decoding=\"async\" width=\"769\" height=\"362\" src=\"https:\/\/trailetmacadam.fr\/WP\/wp-content\/uploads\/2023\/03\/TGV.jpg\" class=\"attachment-large size-large wp-image-9101\" alt=\"\" srcset=\"https:\/\/trailetmacadam.fr\/WP\/wp-content\/uploads\/2023\/03\/TGV.jpg 769w, https:\/\/trailetmacadam.fr\/WP\/wp-content\/uploads\/2023\/03\/TGV-300x141.jpg 300w\" sizes=\"(max-width: 769px) 100vw, 769px\" \/>\t\t\t\t\t\t\t\t\t\t\t\t\t<\/div>\n\t\t\t\t<\/div>\n\t\t\t\t\t<\/div>\n\t\t<\/div>\n\t\t\t\t\t<\/div>\n\t\t<\/section>\n\t\t\t\t<section class=\"elementor-section elementor-top-section elementor-element elementor-element-5ed9ae7 elementor-section-boxed elementor-section-height-default elementor-section-height-default\" data-id=\"5ed9ae7\" data-element_type=\"section\">\n\t\t\t\t\t\t<div class=\"elementor-container elementor-column-gap-default\">\n\t\t\t\t\t<div class=\"elementor-column elementor-col-33 elementor-top-column elementor-element elementor-element-7763686\" data-id=\"7763686\" data-element_type=\"column\">\n\t\t\t<div class=\"elementor-widget-wrap elementor-element-populated\">\n\t\t\t\t\t\t<div class=\"elementor-element elementor-element-5cb40b2 elementor-widget elementor-widget-text-editor\" data-id=\"5cb40b2\" data-element_type=\"widget\" data-widget_type=\"text-editor.default\">\n\t\t\t\t<div class=\"elementor-widget-container\">\n\t\t\t\t\t\t\t<p>Cette ann\u00e9e sera la troisi\u00e8me fois que Trail &amp; MACADAM participera \u00e0 la mythique course Ultra01 sur la distance compl\u00e8te de 175km , 7500 d+ en relais.<\/p><p>Trail &amp; MACADAM sera cette fois-ci fi\u00e8rement repr\u00e9sent\u00e9 par une \u00e9quipe 100% f\u00e9minine, une premi\u00e8re pour les relais de l\u2019Ultra01.<br \/>L\u2019\u00e9quipe par ordre de passage\u00a0:<br \/>Mar\u00e9va \u2013 Lorette \u2013 Aur\u00e9lie \u2013 Morgane \u2013 Justine \u2013 Karine \u2013 Ange-Line \u2013 Kamila<\/p><p>Cette \u00e9quipe arrivera au bout de ces 175km la t\u00eate haute, avec le sourire et la force de chacune\u00a0!<\/p><p>Venez les encourager le 9 et 10 juin 2023.<\/p>\t\t\t\t\t\t<\/div>\n\t\t\t\t<\/div>\n\t\t\t\t\t<\/div>\n\t\t<\/div>\n\t\t\t\t<div class=\"elementor-column elementor-col-33 elementor-top-column elementor-element elementor-element-8e695b5\" data-id=\"8e695b5\" data-element_type=\"column\">\n\t\t\t<div class=\"elementor-widget-wrap elementor-element-populated\">\n\t\t\t\t\t\t<div class=\"elementor-element elementor-element-130db04 elementor-widget elementor-widget-text-editor\" data-id=\"130db04\" data-element_type=\"widget\" data-widget_type=\"text-editor.default\">\n\t\t\t\t<div class=\"elementor-widget-container\">\n\t\t\t\t\t\t\t<p>30<sup>\u00e8me<\/sup> \u00e9dition de L&#8217;Ain en courant, du 6 au 8 mai : c&#8217;est 275 km \u00e0 parcourir avec 5225 d+ au d\u00e9part de Polliat pour une arriv\u00e9e \u00e0 Bourg-en-Bresse.<\/p><p>L&#8217;\u00e9preuve se d\u00e9roule sur 3 jours r\u00e9parties en 6 \u00e9tapes journali\u00e8re avec une \u00e9quipe de 9 personnes compos\u00e9e de 7 coureurs, 1 suiveur \u00e0 v\u00e9lo pour la s\u00e9curit\u00e9 et le ravitaillement du coureur et un capitaine d&#8217;\u00e9quipe.<\/p><p>Et pour la premi\u00e8re fois, il y aura une \u00e9quipe Trail &amp; MACADAM qui s&#8217;alignera au d\u00e9part avec pour les coureurs : <br \/>Audrey, Justine, Antoine, Damien, Eric P, Nelson, Philippe B. et pour assistance et intendance Jacques et Val.<\/p>\t\t\t\t\t\t<\/div>\n\t\t\t\t<\/div>\n\t\t\t\t\t<\/div>\n\t\t<\/div>\n\t\t\t\t<div class=\"elementor-column elementor-col-33 elementor-top-column elementor-element elementor-element-463a64f\" data-id=\"463a64f\" data-element_type=\"column\">\n\t\t\t<div class=\"elementor-widget-wrap elementor-element-populated\">\n\t\t\t\t\t\t<div class=\"elementor-element elementor-element-33ad732 elementor-widget elementor-widget-text-editor\" data-id=\"33ad732\" data-element_type=\"widget\" data-widget_type=\"text-editor.default\">\n\t\t\t\t<div class=\"elementor-widget-container\">\n\t\t\t\t\t\t\t<p>Le 2 juillet, Trail &amp; MACADAM sera \u00e0 Pralognan la Vanoise au d\u00e9part du TGV (Tour des Glaciers de la Vanoise).<br \/>Un long chemin de 73km et 3800 d+ les attend mais quel magnifique chemin ! Un passage dans les hauteurs a plus de 2780m d&#8217;altitude au col de la Chavi\u00e8re. <br \/>Ils vont en prendre plein les yeux\u2026 et les mollets&#8230;<br \/>Au d\u00e9part : Fr\u00e9d\u00e9ric, Mathieu, Philippe B<\/p><p>Et pour les accompagner, Herv\u00e9, Damien et Eric P. s&#8217;aligneront sur le &#8220;Pralo vu du Ciel&#8221;, un parcours de 30km et 1750 d+ qui passera par le Petit Mont-Blanc et les Cr\u00eates de Montcharvet.<\/p><p>\u00a0<\/p>\t\t\t\t\t\t<\/div>\n\t\t\t\t<\/div>\n\t\t\t\t\t<\/div>\n\t\t<\/div>\n\t\t\t\t\t<\/div>\n\t\t<\/section>\n\t\t\t\t<section class=\"elementor-section elementor-top-section elementor-element elementor-element-045dea9 elementor-section-boxed elementor-section-height-default elementor-section-height-default\" data-id=\"045dea9\" data-element_type=\"section\">\n\t\t\t\t\t\t<div class=\"elementor-container elementor-column-gap-default\">\n\t\t\t\t\t<div class=\"elementor-column elementor-col-100 elementor-top-column elementor-element elementor-element-d9cf495\" data-id=\"d9cf495\" data-element_type=\"column\">\n\t\t\t<div class=\"elementor-widget-wrap elementor-element-populated\">\n\t\t\t\t\t\t<div class=\"elementor-element elementor-element-ac6b4a0 elementor-widget elementor-widget-text-editor\" data-id=\"ac6b4a0\" data-element_type=\"widget\" data-widget_type=\"text-editor.default\">\n\t\t\t\t<div class=\"elementor-widget-container\">\n\t\t\t\t\t\t\t<p>Mais Trail &amp; MACADAM sera pr\u00e9sent aussi \u00e0 la mont\u00e9e du Poupet, le VeyziaTrail, &#8230;..<br><\/p>\t\t\t\t\t\t<\/div>\n\t\t\t\t<\/div>\n\t\t\t\t\t<\/div>\n\t\t<\/div>\n\t\t\t\t\t<\/div>\n\t\t<\/section>\n\t\t\t\t<\/div>\n\t\t","protected":false},"excerpt":{"rendered":"<p>Ultra 01 Tour de l&#8217;Ain Tour des Glaciers de la Vanoise Cette ann\u00e9e sera la troisi\u00e8me fois que Trail &amp; MACADAM participera \u00e0 la mythique course Ultra01 sur la distance compl\u00e8te de 175km , 7500 d+ en relais. Trail &amp; MACADAM sera cette fois-ci fi\u00e8rement repr\u00e9sent\u00e9 par une \u00e9quipe 100% f\u00e9minine, une premi\u00e8re pour les [&hellip;]<\/p>\n","protected":false},"author":8,"featured_media":9174,"comment_status":"closed","ping_status":"closed","sticky":false,"template":"","format":"standard","meta":{"ocean_post_layout":"","ocean_both_sidebars_style":"","ocean_both_sidebars_content_width":0,"ocean_both_sidebars_sidebars_width":0,"ocean_sidebar":"0","ocean_second_sidebar":"0","ocean_disable_margins":"enable","ocean_add_body_class":"","ocean_shortcode_before_top_bar":"","ocean_shortcode_after_top_bar":"","ocean_shortcode_before_header":"","ocean_shortcode_after_header":"","ocean_has_shortcode":"","ocean_shortcode_after_title":"","ocean_shortcode_before_footer_widgets":"","ocean_shortcode_after_footer_widgets":"","ocean_shortcode_before_footer_bottom":"","ocean_shortcode_after_footer_bottom":"","ocean_display_top_bar":"default","ocean_display_header":"default","ocean_header_style":"","ocean_center_header_left_menu":"0","ocean_custom_header_template":"0","ocean_custom_logo":0,"ocean_custom_retina_logo":0,"ocean_custom_logo_max_width":0,"ocean_custom_logo_tablet_max_width":0,"ocean_custom_logo_mobile_max_width":0,"ocean_custom_logo_max_height":0,"ocean_custom_logo_tablet_max_height":0,"ocean_custom_logo_mobile_max_height":0,"ocean_header_custom_menu":"0","ocean_menu_typo_font_family":"0","ocean_menu_typo_font_subset":"","ocean_menu_typo_font_size":0,"ocean_menu_typo_font_size_tablet":0,"ocean_menu_typo_font_size_mobile":0,"ocean_menu_typo_font_size_unit":"px","ocean_menu_typo_font_weight":"","ocean_menu_typo_font_weight_tablet":"","ocean_menu_typo_font_weight_mobile":"","ocean_menu_typo_transform":"","ocean_menu_typo_transform_tablet":"","ocean_menu_typo_transform_mobile":"","ocean_menu_typo_line_height":0,"ocean_menu_typo_line_height_tablet":0,"ocean_menu_typo_line_height_mobile":0,"ocean_menu_typo_line_height_unit":"","ocean_menu_typo_spacing":0,"ocean_menu_typo_spacing_tablet":0,"ocean_menu_typo_spacing_mobile":0,"ocean_menu_typo_spacing_unit":"","ocean_menu_link_color":"","ocean_menu_link_color_hover":"","ocean_menu_link_color_active":"","ocean_menu_link_background":"","ocean_menu_link_hover_background":"","ocean_menu_link_active_background":"","ocean_menu_social_links_bg":"","ocean_menu_social_hover_links_bg":"","ocean_menu_social_links_color":"","ocean_menu_social_hover_links_color":"","ocean_disable_title":"default","ocean_disable_heading":"default","ocean_post_title":"","ocean_post_subheading":"","ocean_post_title_style":"","ocean_post_title_background_color":"","ocean_post_title_background":0,"ocean_post_title_bg_image_position":"","ocean_post_title_bg_image_attachment":"","ocean_post_title_bg_image_repeat":"","ocean_post_title_bg_image_size":"","ocean_post_title_height":0,"ocean_post_title_bg_overlay":0.5,"ocean_post_title_bg_overlay_color":"","ocean_disable_breadcrumbs":"default","ocean_breadcrumbs_color":"","ocean_breadcrumbs_separator_color":"","ocean_breadcrumbs_links_color":"","ocean_breadcrumbs_links_hover_color":"","ocean_display_footer_widgets":"default","ocean_display_footer_bottom":"default","ocean_custom_footer_template":"0","ocean_post_oembed":"","ocean_post_self_hosted_media":"","ocean_post_video_embed":"","ocean_link_format":"","ocean_link_format_target":"self","ocean_quote_format":"","ocean_quote_format_link":"post","ocean_gallery_link_images":"off","ocean_gallery_id":[],"footnotes":""},"categories":[3],"tags":[],"class_list":["post-9076","post","type-post","status-publish","format-standard","has-post-thumbnail","hentry","category-vie-club","entry","has-media"],"yoast_head":"<!-- This site is optimized with the Yoast SEO plugin v24.6 - https:\/\/yoast.com\/wordpress\/plugins\/seo\/ -->\n<title>Les objectifs de la saison - Trail &amp; MACADAM<\/title>\n<meta name=\"robots\" content=\"index, follow, max-snippet:-1, max-image-preview:large, max-video-preview:-1\" \/>\n<link rel=\"canonical\" href=\"https:\/\/trailetmacadam.fr\/WP\/les-objectifs-de-la-saison\/\" \/>\n<meta property=\"og:locale\" content=\"fr_FR\" \/>\n<meta property=\"og:type\" content=\"article\" \/>\n<meta property=\"og:title\" content=\"Les objectifs de la saison - Trail &amp; MACADAM\" \/>\n<meta property=\"og:description\" content=\"Ultra 01 Tour de l&#8217;Ain Tour des Glaciers de la Vanoise Cette ann\u00e9e sera la troisi\u00e8me fois que Trail &amp; MACADAM participera \u00e0 la mythique course Ultra01 sur la distance compl\u00e8te de 175km , 7500 d+ en relais. Trail &amp; MACADAM sera cette fois-ci fi\u00e8rement repr\u00e9sent\u00e9 par une \u00e9quipe 100% f\u00e9minine, une premi\u00e8re pour les [&hellip;]\" \/>\n<meta property=\"og:url\" content=\"https:\/\/trailetmacadam.fr\/WP\/les-objectifs-de-la-saison\/\" \/>\n<meta property=\"og:site_name\" content=\"Trail &amp; MACADAM\" \/>\n<meta property=\"article:publisher\" content=\"https:\/\/www.facebook.com\/Trailetmacadam\" \/>\n<meta property=\"article:published_time\" content=\"2023-03-18T10:36:32+00:00\" \/>\n<meta property=\"article:modified_time\" content=\"2024-09-04T16:29:15+00:00\" \/>\n<meta property=\"og:image\" content=\"https:\/\/trailetmacadam.fr\/WP\/wp-content\/uploads\/2023\/03\/AFfiche-trio.png\" \/>\n\t<meta property=\"og:image:width\" content=\"921\" \/>\n\t<meta property=\"og:image:height\" content=\"381\" \/>\n\t<meta property=\"og:image:type\" content=\"image\/png\" \/>\n<meta name=\"author\" content=\"Trail &amp; MACADAM\" \/>\n<meta name=\"twitter:card\" content=\"summary_large_image\" \/>\n<meta name=\"twitter:label1\" content=\"\u00c9crit par\" \/>\n\t<meta name=\"twitter:data1\" content=\"Trail &amp; MACADAM\" \/>\n\t<meta name=\"twitter:label2\" content=\"Dur\u00e9e de lecture estim\u00e9e\" \/>\n\t<meta name=\"twitter:data2\" content=\"3 minutes\" \/>\n<script type=\"application\/ld+json\" class=\"yoast-schema-graph\">{\"@context\":\"https:\/\/schema.org\",\"@graph\":[{\"@type\":\"Article\",\"@id\":\"https:\/\/trailetmacadam.fr\/WP\/les-objectifs-de-la-saison\/#article\",\"isPartOf\":{\"@id\":\"https:\/\/trailetmacadam.fr\/WP\/les-objectifs-de-la-saison\/\"},\"author\":{\"name\":\"Trail &amp; MACADAM\",\"@id\":\"https:\/\/trailetmacadam.fr\/WP\/#\/schema\/person\/76cdbd9430e9080dfe4b906021aa32f9\"},\"headline\":\"Les objectifs de la saison\",\"datePublished\":\"2023-03-18T10:36:32+00:00\",\"dateModified\":\"2024-09-04T16:29:15+00:00\",\"mainEntityOfPage\":{\"@id\":\"https:\/\/trailetmacadam.fr\/WP\/les-objectifs-de-la-saison\/\"},\"wordCount\":330,\"publisher\":{\"@id\":\"https:\/\/trailetmacadam.fr\/WP\/#organization\"},\"image\":{\"@id\":\"https:\/\/trailetmacadam.fr\/WP\/les-objectifs-de-la-saison\/#primaryimage\"},\"thumbnailUrl\":\"https:\/\/trailetmacadam.fr\/WP\/wp-content\/uploads\/2023\/03\/AFfiche-trio.png\",\"articleSection\":[\"Vie Club\"],\"inLanguage\":\"fr-FR\"},{\"@type\":\"WebPage\",\"@id\":\"https:\/\/trailetmacadam.fr\/WP\/les-objectifs-de-la-saison\/\",\"url\":\"https:\/\/trailetmacadam.fr\/WP\/les-objectifs-de-la-saison\/\",\"name\":\"Les objectifs de la saison - Trail &amp; MACADAM\",\"isPartOf\":{\"@id\":\"https:\/\/trailetmacadam.fr\/WP\/#website\"},\"primaryImageOfPage\":{\"@id\":\"https:\/\/trailetmacadam.fr\/WP\/les-objectifs-de-la-saison\/#primaryimage\"},\"image\":{\"@id\":\"https:\/\/trailetmacadam.fr\/WP\/les-objectifs-de-la-saison\/#primaryimage\"},\"thumbnailUrl\":\"https:\/\/trailetmacadam.fr\/WP\/wp-content\/uploads\/2023\/03\/AFfiche-trio.png\",\"datePublished\":\"2023-03-18T10:36:32+00:00\",\"dateModified\":\"2024-09-04T16:29:15+00:00\",\"breadcrumb\":{\"@id\":\"https:\/\/trailetmacadam.fr\/WP\/les-objectifs-de-la-saison\/#breadcrumb\"},\"inLanguage\":\"fr-FR\",\"potentialAction\":[{\"@type\":\"ReadAction\",\"target\":[\"https:\/\/trailetmacadam.fr\/WP\/les-objectifs-de-la-saison\/\"]}]},{\"@type\":\"ImageObject\",\"inLanguage\":\"fr-FR\",\"@id\":\"https:\/\/trailetmacadam.fr\/WP\/les-objectifs-de-la-saison\/#primaryimage\",\"url\":\"https:\/\/trailetmacadam.fr\/WP\/wp-content\/uploads\/2023\/03\/AFfiche-trio.png\",\"contentUrl\":\"https:\/\/trailetmacadam.fr\/WP\/wp-content\/uploads\/2023\/03\/AFfiche-trio.png\",\"width\":921,\"height\":381},{\"@type\":\"BreadcrumbList\",\"@id\":\"https:\/\/trailetmacadam.fr\/WP\/les-objectifs-de-la-saison\/#breadcrumb\",\"itemListElement\":[{\"@type\":\"ListItem\",\"position\":1,\"name\":\"Accueil\",\"item\":\"https:\/\/trailetmacadam.fr\/WP\/\"},{\"@type\":\"ListItem\",\"position\":2,\"name\":\"Les objectifs de la saison\"}]},{\"@type\":\"WebSite\",\"@id\":\"https:\/\/trailetmacadam.fr\/WP\/#website\",\"url\":\"https:\/\/trailetmacadam.fr\/WP\/\",\"name\":\"Trail et MACADAM\",\"description\":\"La seule mauvaise course, c&#039;est celle que tu ne fais pas !\",\"publisher\":{\"@id\":\"https:\/\/trailetmacadam.fr\/WP\/#organization\"},\"potentialAction\":[{\"@type\":\"SearchAction\",\"target\":{\"@type\":\"EntryPoint\",\"urlTemplate\":\"https:\/\/trailetmacadam.fr\/WP\/?s={search_term_string}\"},\"query-input\":{\"@type\":\"PropertyValueSpecification\",\"valueRequired\":true,\"valueName\":\"search_term_string\"}}],\"inLanguage\":\"fr-FR\"},{\"@type\":\"Organization\",\"@id\":\"https:\/\/trailetmacadam.fr\/WP\/#organization\",\"name\":\"Trail & MACADAM\",\"url\":\"https:\/\/trailetmacadam.fr\/WP\/\",\"logo\":{\"@type\":\"ImageObject\",\"inLanguage\":\"fr-FR\",\"@id\":\"https:\/\/trailetmacadam.fr\/WP\/#\/schema\/logo\/image\/\",\"url\":\"https:\/\/trailetmacadam.fr\/WP\/wp-content\/uploads\/2020\/12\/cropped-telechargement-1.jpg\",\"contentUrl\":\"https:\/\/trailetmacadam.fr\/WP\/wp-content\/uploads\/2020\/12\/cropped-telechargement-1.jpg\",\"width\":225,\"height\":225,\"caption\":\"Trail & MACADAM\"},\"image\":{\"@id\":\"https:\/\/trailetmacadam.fr\/WP\/#\/schema\/logo\/image\/\"},\"sameAs\":[\"https:\/\/www.facebook.com\/Trailetmacadam\"]},{\"@type\":\"Person\",\"@id\":\"https:\/\/trailetmacadam.fr\/WP\/#\/schema\/person\/76cdbd9430e9080dfe4b906021aa32f9\",\"name\":\"Trail &amp; MACADAM\",\"image\":{\"@type\":\"ImageObject\",\"inLanguage\":\"fr-FR\",\"@id\":\"https:\/\/trailetmacadam.fr\/WP\/#\/schema\/person\/image\/\",\"url\":\"https:\/\/secure.gravatar.com\/avatar\/125c81fd825f61c8ce4932b9a5840bd2?s=96&d=mm&r=g\",\"contentUrl\":\"https:\/\/secure.gravatar.com\/avatar\/125c81fd825f61c8ce4932b9a5840bd2?s=96&d=mm&r=g\",\"caption\":\"Trail &amp; MACADAM\"}}]}<\/script>\n<!-- \/ Yoast SEO plugin. -->","yoast_head_json":{"title":"Les objectifs de la saison - Trail &amp; MACADAM","robots":{"index":"index","follow":"follow","max-snippet":"max-snippet:-1","max-image-preview":"max-image-preview:large","max-video-preview":"max-video-preview:-1"},"canonical":"https:\/\/trailetmacadam.fr\/WP\/les-objectifs-de-la-saison\/","og_locale":"fr_FR","og_type":"article","og_title":"Les objectifs de la saison - Trail &amp; MACADAM","og_description":"Ultra 01 Tour de l&#8217;Ain Tour des Glaciers de la Vanoise Cette ann\u00e9e sera la troisi\u00e8me fois que Trail &amp; MACADAM participera \u00e0 la mythique course Ultra01 sur la distance compl\u00e8te de 175km , 7500 d+ en relais. Trail &amp; MACADAM sera cette fois-ci fi\u00e8rement repr\u00e9sent\u00e9 par une \u00e9quipe 100% f\u00e9minine, une premi\u00e8re pour les [&hellip;]","og_url":"https:\/\/trailetmacadam.fr\/WP\/les-objectifs-de-la-saison\/","og_site_name":"Trail &amp; MACADAM","article_publisher":"https:\/\/www.facebook.com\/Trailetmacadam","article_published_time":"2023-03-18T10:36:32+00:00","article_modified_time":"2024-09-04T16:29:15+00:00","og_image":[{"width":921,"height":381,"url":"https:\/\/trailetmacadam.fr\/WP\/wp-content\/uploads\/2023\/03\/AFfiche-trio.png","type":"image\/png"}],"author":"Trail &amp; MACADAM","twitter_card":"summary_large_image","twitter_misc":{"\u00c9crit par":"Trail &amp; MACADAM","Dur\u00e9e de lecture estim\u00e9e":"3 minutes"},"schema":{"@context":"https:\/\/schema.org","@graph":[{"@type":"Article","@id":"https:\/\/trailetmacadam.fr\/WP\/les-objectifs-de-la-saison\/#article","isPartOf":{"@id":"https:\/\/trailetmacadam.fr\/WP\/les-objectifs-de-la-saison\/"},"author":{"name":"Trail &amp; MACADAM","@id":"https:\/\/trailetmacadam.fr\/WP\/#\/schema\/person\/76cdbd9430e9080dfe4b906021aa32f9"},"headline":"Les objectifs de la saison","datePublished":"2023-03-18T10:36:32+00:00","dateModified":"2024-09-04T16:29:15+00:00","mainEntityOfPage":{"@id":"https:\/\/trailetmacadam.fr\/WP\/les-objectifs-de-la-saison\/"},"wordCount":330,"publisher":{"@id":"https:\/\/trailetmacadam.fr\/WP\/#organization"},"image":{"@id":"https:\/\/trailetmacadam.fr\/WP\/les-objectifs-de-la-saison\/#primaryimage"},"thumbnailUrl":"https:\/\/trailetmacadam.fr\/WP\/wp-content\/uploads\/2023\/03\/AFfiche-trio.png","articleSection":["Vie Club"],"inLanguage":"fr-FR"},{"@type":"WebPage","@id":"https:\/\/trailetmacadam.fr\/WP\/les-objectifs-de-la-saison\/","url":"https:\/\/trailetmacadam.fr\/WP\/les-objectifs-de-la-saison\/","name":"Les objectifs de la saison - Trail &amp; MACADAM","isPartOf":{"@id":"https:\/\/trailetmacadam.fr\/WP\/#website"},"primaryImageOfPage":{"@id":"https:\/\/trailetmacadam.fr\/WP\/les-objectifs-de-la-saison\/#primaryimage"},"image":{"@id":"https:\/\/trailetmacadam.fr\/WP\/les-objectifs-de-la-saison\/#primaryimage"},"thumbnailUrl":"https:\/\/trailetmacadam.fr\/WP\/wp-content\/uploads\/2023\/03\/AFfiche-trio.png","datePublished":"2023-03-18T10:36:32+00:00","dateModified":"2024-09-04T16:29:15+00:00","breadcrumb":{"@id":"https:\/\/trailetmacadam.fr\/WP\/les-objectifs-de-la-saison\/#breadcrumb"},"inLanguage":"fr-FR","potentialAction":[{"@type":"ReadAction","target":["https:\/\/trailetmacadam.fr\/WP\/les-objectifs-de-la-saison\/"]}]},{"@type":"ImageObject","inLanguage":"fr-FR","@id":"https:\/\/trailetmacadam.fr\/WP\/les-objectifs-de-la-saison\/#primaryimage","url":"https:\/\/trailetmacadam.fr\/WP\/wp-content\/uploads\/2023\/03\/AFfiche-trio.png","contentUrl":"https:\/\/trailetmacadam.fr\/WP\/wp-content\/uploads\/2023\/03\/AFfiche-trio.png","width":921,"height":381},{"@type":"BreadcrumbList","@id":"https:\/\/trailetmacadam.fr\/WP\/les-objectifs-de-la-saison\/#breadcrumb","itemListElement":[{"@type":"ListItem","position":1,"name":"Accueil","item":"https:\/\/trailetmacadam.fr\/WP\/"},{"@type":"ListItem","position":2,"name":"Les objectifs de la saison"}]},{"@type":"WebSite","@id":"https:\/\/trailetmacadam.fr\/WP\/#website","url":"https:\/\/trailetmacadam.fr\/WP\/","name":"Trail et MACADAM","description":"La seule mauvaise course, c&#039;est celle que tu ne fais pas !","publisher":{"@id":"https:\/\/trailetmacadam.fr\/WP\/#organization"},"potentialAction":[{"@type":"SearchAction","target":{"@type":"EntryPoint","urlTemplate":"https:\/\/trailetmacadam.fr\/WP\/?s={search_term_string}"},"query-input":{"@type":"PropertyValueSpecification","valueRequired":true,"valueName":"search_term_string"}}],"inLanguage":"fr-FR"},{"@type":"Organization","@id":"https:\/\/trailetmacadam.fr\/WP\/#organization","name":"Trail & MACADAM","url":"https:\/\/trailetmacadam.fr\/WP\/","logo":{"@type":"ImageObject","inLanguage":"fr-FR","@id":"https:\/\/trailetmacadam.fr\/WP\/#\/schema\/logo\/image\/","url":"https:\/\/trailetmacadam.fr\/WP\/wp-content\/uploads\/2020\/12\/cropped-telechargement-1.jpg","contentUrl":"https:\/\/trailetmacadam.fr\/WP\/wp-content\/uploads\/2020\/12\/cropped-telechargement-1.jpg","width":225,"height":225,"caption":"Trail & MACADAM"},"image":{"@id":"https:\/\/trailetmacadam.fr\/WP\/#\/schema\/logo\/image\/"},"sameAs":["https:\/\/www.facebook.com\/Trailetmacadam"]},{"@type":"Person","@id":"https:\/\/trailetmacadam.fr\/WP\/#\/schema\/person\/76cdbd9430e9080dfe4b906021aa32f9","name":"Trail &amp; MACADAM","image":{"@type":"ImageObject","inLanguage":"fr-FR","@id":"https:\/\/trailetmacadam.fr\/WP\/#\/schema\/person\/image\/","url":"https:\/\/secure.gravatar.com\/avatar\/125c81fd825f61c8ce4932b9a5840bd2?s=96&d=mm&r=g","contentUrl":"https:\/\/secure.gravatar.com\/avatar\/125c81fd825f61c8ce4932b9a5840bd2?s=96&d=mm&r=g","caption":"Trail &amp; MACADAM"}}]}},"_links":{"self":[{"href":"https:\/\/trailetmacadam.fr\/WP\/wp-json\/wp\/v2\/posts\/9076","targetHints":{"allow":["GET"]}}],"collection":[{"href":"https:\/\/trailetmacadam.fr\/WP\/wp-json\/wp\/v2\/posts"}],"about":[{"href":"https:\/\/trailetmacadam.fr\/WP\/wp-json\/wp\/v2\/types\/post"}],"author":[{"embeddable":true,"href":"https:\/\/trailetmacadam.fr\/WP\/wp-json\/wp\/v2\/users\/8"}],"replies":[{"embeddable":true,"href":"https:\/\/trailetmacadam.fr\/WP\/wp-json\/wp\/v2\/comments?post=9076"}],"version-history":[{"count":30,"href":"https:\/\/trailetmacadam.fr\/WP\/wp-json\/wp\/v2\/posts\/9076\/revisions"}],"predecessor-version":[{"id":9113,"href":"https:\/\/trailetmacadam.fr\/WP\/wp-json\/wp\/v2\/posts\/9076\/revisions\/9113"}],"wp:featuredmedia":[{"embeddable":true,"href":"https:\/\/trailetmacadam.fr\/WP\/wp-json\/wp\/v2\/media\/9174"}],"wp:attachment":[{"href":"https:\/\/trailetmacadam.fr\/WP\/wp-json\/wp\/v2\/media?parent=9076"}],"wp:term":[{"taxonomy":"category","embeddable":true,"href":"https:\/\/trailetmacadam.fr\/WP\/wp-json\/wp\/v2\/categories?post=9076"},{"taxonomy":"post_tag","embeddable":true,"href":"https:\/\/trailetmacadam.fr\/WP\/wp-json\/wp\/v2\/tags?post=9076"}],"curies":[{"name":"wp","href":"https:\/\/api.w.org\/{rel}","templated":true}]}}